{"id":40107,"date":"2025-07-05T18:16:41","date_gmt":"2025-07-05T15:16:41","guid":{"rendered":"https:\/\/www.egemtv.com\/?p=40107"},"modified":"2025-07-05T18:16:46","modified_gmt":"2025-07-05T15:16:46","slug":"ispartada-besledigi-boganin-saldirisina-ugrayan-adam-agir-yaralandi","status":"publish","type":"post","link":"https:\/\/www.egemtv.com\/?p=40107","title":{"rendered":"Isparta\u2019da besledi\u011fi bo\u011fan\u0131n sald\u0131r\u0131s\u0131na u\u011frayan adam a\u011f\u0131r yaraland\u0131"},"content":{"rendered":"<p>Isparta\u2019n\u0131n E\u011firdir il\u00e7esinde bir besihanede bak\u0131m yapt\u0131\u011f\u0131 bo\u011fan\u0131n sald\u0131r\u0131s\u0131na u\u011frayan adam a\u011f\u0131r yaraland\u0131. O anlar g\u00fcvenlik kameras\u0131na yans\u0131d\u0131.<br \/>\n<br \/>Olay, Isparta\u2019n\u0131n E\u011firdir il\u00e7esinde bulunan bir besihanede meydana geldi. Edinilen bilgilere g\u00f6re, bo\u011fas\u0131na bak\u0131m yapmak isteyen M.\u00c7., hayvan\u0131n aniden sald\u0131rmas\u0131 sonucu sert bir darbeyle yere d\u00fc\u015ft\u00fc. Darbenin etkisiyle M.\u00c7.\u2019nin v\u00fccudunun \u00e7e\u015fitli b\u00f6lgelerinde k\u0131r\u0131klar olu\u015ftu. \u00c7evredekilerin ihbar\u0131 \u00fczerine olay yerine sa\u011fl\u0131k ekipleri sevk edildi. \u0130lk m\u00fcdahalesi olay yerinde yap\u0131lan M.\u00c7., daha sonra hastaneye kald\u0131r\u0131larak tedavi alt\u0131na al\u0131nd\u0131. Yetkililer, M.\u00c7.\u2019nin sa\u011fl\u0131k durumunun stabil oldu\u011funu bildirirken, olayla ilgili inceleme ba\u015flat\u0131ld\u0131. G\u00fcvenlik kameras\u0131 g\u00f6r\u00fcnt\u00fcleri ise ya\u015fanan anlar\u0131 saniye saniye kaydetti.<br \/><\/p>\n","protected":false},"excerpt":{"rendered":"<p>Isparta\u2019n\u0131n E\u011firdir il\u00e7esinde bir besihanede bak\u0131m yapt\u0131\u011f\u0131 bo\u011fan\u0131n sald\u0131r\u0131s\u0131na u\u011frayan adam a\u011f\u0131r yaraland\u0131. O anlar g\u00fcvenlik kameras\u0131na yans\u0131d\u0131. Olay, Isparta\u2019n\u0131n E\u011firdir il\u00e7esinde bulunan bir besihanede meydana geldi. Edinilen bilgilere g\u00f6re, bo\u011fas\u0131na bak\u0131m yapmak isteyen M.\u00c7., hayvan\u0131n aniden sald\u0131rmas\u0131 sonucu sert bir darbeyle yere d\u00fc\u015ft\u00fc. Darbenin etkisiyle M.\u00c7.\u2019nin v\u00fccudunun \u00e7e\u015fitli b\u00f6lgelerinde k\u0131r\u0131klar olu\u015ftu. \u00c7evredekilerin ihbar\u0131 \u00fczerine&#8230;<\/p>\n","protected":false},"author":1,"featured_media":40108,"comment_status":"open","ping_status":"open","sticky":false,"template":"","format":"standard","meta":{"_crdt_document":"","footnotes":""},"categories":[5],"tags":[],"class_list":["post-40107","post","type-post","status-publish","format-standard","has-post-thumbnail","hentry","category-asayis"],"_links":{"self":[{"href":"https:\/\/www.egemtv.com\/index.php?rest_route=\/wp\/v2\/posts\/40107","targetHints":{"allow":["GET"]}}],"collection":[{"href":"https:\/\/www.egemtv.com\/index.php?rest_route=\/wp\/v2\/posts"}],"about":[{"href":"https:\/\/www.egemtv.com\/index.php?rest_route=\/wp\/v2\/types\/post"}],"author":[{"embeddable":true,"href":"https:\/\/www.egemtv.com\/index.php?rest_route=\/wp\/v2\/users\/1"}],"replies":[{"embeddable":true,"href":"https:\/\/www.egemtv.com\/index.php?rest_route=%2Fwp%2Fv2%2Fcomments&post=40107"}],"version-history":[{"count":1,"href":"https:\/\/www.egemtv.com\/index.php?rest_route=\/wp\/v2\/posts\/40107\/revisions"}],"predecessor-version":[{"id":40109,"href":"https:\/\/www.egemtv.com\/index.php?rest_route=\/wp\/v2\/posts\/40107\/revisions\/40109"}],"wp:featuredmedia":[{"embeddable":true,"href":"https:\/\/www.egemtv.com\/index.php?rest_route=\/wp\/v2\/media\/40108"}],"wp:attachment":[{"href":"https:\/\/www.egemtv.com\/index.php?rest_route=%2Fwp%2Fv2%2Fmedia&parent=40107"}],"wp:term":[{"taxonomy":"category","embeddable":true,"href":"https:\/\/www.egemtv.com\/index.php?rest_route=%2Fwp%2Fv2%2Fcategories&post=40107"},{"taxonomy":"post_tag","embeddable":true,"href":"https:\/\/www.egemtv.com\/index.php?rest_route=%2Fwp%2Fv2%2Ftags&post=40107"}],"curies":[{"name":"wp","href":"https:\/\/api.w.org\/{rel}","templated":true}]}}