{"id":40104,"date":"2025-07-05T17:55:27","date_gmt":"2025-07-05T14:55:27","guid":{"rendered":"https:\/\/www.egemtv.com\/?p=40104"},"modified":"2025-07-05T17:55:31","modified_gmt":"2025-07-05T14:55:31","slug":"2-duzensiz-gocmen-karadan-ulasimin-bulunmadigi-bolgeye-birakildi","status":"publish","type":"post","link":"https:\/\/www.egemtv.com\/?p=40104","title":{"rendered":"2 d\u00fczensiz g\u00f6\u00e7men karadan ula\u015f\u0131m\u0131n bulunmad\u0131\u011f\u0131 b\u00f6lgeye b\u0131rak\u0131ld\u0131"},"content":{"rendered":"<p>Mu\u011fla\u2019n\u0131n Marmaris il\u00e7esinde karadan ula\u015f\u0131m\u0131n bulunmad\u0131\u011f\u0131 bir b\u00f6lgede mahsur kalan iki d\u00fczensiz g\u00f6\u00e7men Sahil G\u00fcvenlik ekipleri taraf\u0131ndan kurtar\u0131ld\u0131.<br \/>\n<br \/>Marmaris il\u00e7esi \u00c7iftlikk\u00f6y mevkiinde karadan ula\u015f\u0131m\u0131 olmayan b\u00f6lgede bir grup d\u00fczensiz g\u00f6\u00e7menin oldu\u011fu ve yard\u0131m talebinde bulunuldu\u011fu bilgisinin al\u0131nmas\u0131 \u00fczerine g\u00f6revlendirilen Sahil G\u00fcvenlik Gemisi ve Sahil G\u00fcvenlik Botu taraf\u0131ndan 2 d\u00fczensiz g\u00f6\u00e7men kurtar\u0131ld\u0131.<br \/><\/p>\n","protected":false},"excerpt":{"rendered":"<p>Mu\u011fla\u2019n\u0131n Marmaris il\u00e7esinde karadan ula\u015f\u0131m\u0131n bulunmad\u0131\u011f\u0131 bir b\u00f6lgede mahsur kalan iki d\u00fczensiz g\u00f6\u00e7men Sahil G\u00fcvenlik ekipleri taraf\u0131ndan kurtar\u0131ld\u0131. Marmaris il\u00e7esi \u00c7iftlikk\u00f6y mevkiinde karadan ula\u015f\u0131m\u0131 olmayan b\u00f6lgede bir grup d\u00fczensiz g\u00f6\u00e7menin oldu\u011fu ve yard\u0131m talebinde bulunuldu\u011fu bilgisinin al\u0131nmas\u0131 \u00fczerine g\u00f6revlendirilen Sahil G\u00fcvenlik Gemisi ve Sahil G\u00fcvenlik Botu taraf\u0131ndan 2 d\u00fczensiz g\u00f6\u00e7men kurtar\u0131ld\u0131.<\/p>\n","protected":false},"author":1,"featured_media":40105,"comment_status":"open","ping_status":"open","sticky":false,"template":"","format":"standard","meta":{"_crdt_document":"","footnotes":""},"categories":[5],"tags":[],"class_list":["post-40104","post","type-post","status-publish","format-standard","has-post-thumbnail","hentry","category-asayis"],"_links":{"self":[{"href":"https:\/\/www.egemtv.com\/index.php?rest_route=\/wp\/v2\/posts\/40104","targetHints":{"allow":["GET"]}}],"collection":[{"href":"https:\/\/www.egemtv.com\/index.php?rest_route=\/wp\/v2\/posts"}],"about":[{"href":"https:\/\/www.egemtv.com\/index.php?rest_route=\/wp\/v2\/types\/post"}],"author":[{"embeddable":true,"href":"https:\/\/www.egemtv.com\/index.php?rest_route=\/wp\/v2\/users\/1"}],"replies":[{"embeddable":true,"href":"https:\/\/www.egemtv.com\/index.php?rest_route=%2Fwp%2Fv2%2Fcomments&post=40104"}],"version-history":[{"count":1,"href":"https:\/\/www.egemtv.com\/index.php?rest_route=\/wp\/v2\/posts\/40104\/revisions"}],"predecessor-version":[{"id":40106,"href":"https:\/\/www.egemtv.com\/index.php?rest_route=\/wp\/v2\/posts\/40104\/revisions\/40106"}],"wp:featuredmedia":[{"embeddable":true,"href":"https:\/\/www.egemtv.com\/index.php?rest_route=\/wp\/v2\/media\/40105"}],"wp:attachment":[{"href":"https:\/\/www.egemtv.com\/index.php?rest_route=%2Fwp%2Fv2%2Fmedia&parent=40104"}],"wp:term":[{"taxonomy":"category","embeddable":true,"href":"https:\/\/www.egemtv.com\/index.php?rest_route=%2Fwp%2Fv2%2Fcategories&post=40104"},{"taxonomy":"post_tag","embeddable":true,"href":"https:\/\/www.egemtv.com\/index.php?rest_route=%2Fwp%2Fv2%2Ftags&post=40104"}],"curies":[{"name":"wp","href":"https:\/\/api.w.org\/{rel}","templated":true}]}}