{"id":40098,"date":"2025-07-05T16:19:27","date_gmt":"2025-07-05T13:19:27","guid":{"rendered":"https:\/\/www.egemtv.com\/?p=40098"},"modified":"2025-07-05T16:19:32","modified_gmt":"2025-07-05T13:19:32","slug":"egedeki-yanginlar-turizmi-de-yakti","status":"publish","type":"post","link":"https:\/\/www.egemtv.com\/?p=40098","title":{"rendered":"Ege\u2019deki yang\u0131nlar turizmi de yakt\u0131"},"content":{"rendered":"<p>Ege Turistik \u0130\u015fletmeler ve Konaklamalar Birli\u011fi (ET\u0130K) Ba\u015fkan\u0131, T\u00fcrkiye Otelciler Federasyonu (T\u00dcROFED) Ba\u015fkan Yard\u0131mc\u0131s\u0131 Mehmet \u0130\u015fler, Ege\u2019de ve turistik il\u00e7elerde \u00e7\u0131kan yang\u0131nlar\u0131n b\u00f6lge ekonomisini ve sekt\u00f6r\u00fc derinden etkileyen bir felaket oldu\u011funu belirterek, ba\u015fta \u00c7e\u015fme, Fo\u00e7a, Seferihisar olmak \u00fczere Ege\u2019de t\u00fcm turizmcilerin tesisleri ve hizmet kaliteleriyle ayakta oldu\u011funu, felaketin izlerini silmek i\u00e7in yo\u011fun bir \u00e7aba i\u00e7ine girdiklerini s\u00f6yledi.<br \/>\n<br \/>ET\u0130K Ba\u015fkan\u0131 Mehmet \u0130\u015fler, \u00f6zellikle son 10 g\u00fcn i\u00e7erisinde Ege\u2019de \u00e7\u0131kan b\u00fcy\u00fck orman yang\u0131nlar\u0131n\u0131n turizmdeki olumsuz etkileri \u00fczerine de\u011ferlendirme yapt\u0131. Yang\u0131nlar\u0131n ve yang\u0131n haberlerinin ulusal ve uluslararas\u0131 bas\u0131nda geni\u015f yer almas\u0131n\u0131n, destinasyonun g\u00fcvenli\u011fine dair endi\u015felere yol a\u00e7t\u0131\u011f\u0131n\u0131 ifade eden \u0130\u015fler, \u00f6zellikle yabanc\u0131 turistlerin rezervasyon kararlar\u0131n\u0131 bu t\u00fcr haberlere bakarak verdi\u011fine dikkat \u00e7ekti. \u0130\u015fler, rezervasyon iptali veya ertelemelerinin s\u00f6z konusu olabildi\u011fini ancak turizm sekt\u00f6r\u00fcn\u00fcn g\u00fc\u00e7l\u00fc oldu\u011funu, herkesin elinden gelenin fazlas\u0131n\u0131 yapmaya \u00e7al\u0131\u015farak misafirlerini a\u011f\u0131rlamaya devam etti\u011fini s\u00f6yledi.<\/p>\n<p>Sezonun ortas\u0131nda felaket<br \/>\n<br \/>Mehmet \u0130\u015fler, &#8220;\u00d6ncelikle, \u00c7e\u015fme, Fo\u00e7a, Seferihisar ve b\u00f6lgemizde yang\u0131na maruz kalan t\u00fcm vatanda\u015flar\u0131m\u0131za, i\u015fletmelerimize ve turizm emek\u00e7ilerine ge\u00e7mi\u015f olsun dileklerimi iletmek istiyorum. Yang\u0131n sadece do\u011fam\u0131z\u0131 de\u011fil, ayn\u0131 zamanda b\u00f6lge ekonomisini ve turizm sekt\u00f6r\u00fcn\u00fc derinden etkileyen bir felaket oldu. Ege gibi do\u011fal g\u00fczellikleriyle \u00fcnl\u00fc bir destinasyonda ya\u015fanan yang\u0131nlar, maalesef binlerce hektar ormanl\u0131k alan\u0131n zarar g\u00f6rmesine yol a\u00e7t\u0131. Turistlerin b\u00f6lgeyi tercih etme nedenlerinden biri olan ye\u015fil dokumuz, y\u00fcr\u00fcy\u00fc\u015f parkurlar\u0131m\u0131z, do\u011fal peyzaj ciddi \u015fekilde zarar g\u00f6rd\u00fc. Yang\u0131n\u0131n hemen ard\u0131ndan baz\u0131 otel rezervasyonlar\u0131nda iptaller ya\u015fand\u0131. Restoranlar, beach club\u2019lar, tur operat\u00f6rleri gelir kayb\u0131 riskine girdi. \u00d6zellikle a\u00e7\u0131k hava turizmine dayal\u0131 aktiviteler, beach aktiviteleri, yat turlar\u0131, y\u00fcr\u00fcy\u00fc\u015fler etkilendi. Baz\u0131 insanlar sa\u011fl\u0131\u011f\u0131ndan endi\u015fe etti\u011fi i\u00e7in tatil planlar\u0131n\u0131 de\u011fi\u015ftirdi. Yaz sezonunun tam ortas\u0131nda b\u00f6yle bir felaketin ya\u015fanmas\u0131 ciddi ekonomik s\u0131k\u0131nt\u0131lara neden oldu&#8221; dedi.<\/p>\n<p>Rehabilitasyon planlar\u0131 haz\u0131rlan\u0131yor<br \/>\n<br \/>Yang\u0131nlara \u00e7ok h\u0131zl\u0131 m\u00fcdahale edildi\u011fini ancak \u015fiddetli r\u00fczgar sebebiyle g\u00fcnlerce felaketin \u00f6n\u00fcne ge\u00e7ilemedi\u011fini aktaran Mehmet \u0130\u015fler, \u015funlar\u0131 s\u00f6yledi: &#8220;Devlet kurumlar\u0131m\u0131z, belediyelerimiz, g\u00f6n\u00fcll\u00fcler, halk el birli\u011fiyle s\u00f6nd\u00fcrme \u00e7al\u0131\u015fmalar\u0131na kat\u0131ld\u0131. Bu, b\u00f6lge insan\u0131n\u0131n ne kadar dayan\u0131\u015fma i\u00e7inde oldu\u011funu, kentine, do\u011fas\u0131na sahip \u00e7\u0131kt\u0131\u011f\u0131n\u0131 bir kez daha g\u00f6sterdi. Hem kamu hem \u00f6zel sekt\u00f6r olarak h\u0131zl\u0131 bir \u015fekilde zarar g\u00f6ren alanlar\u0131n rehabilitasyonu i\u00e7in planlar haz\u0131rlan\u0131yor. Fidan dikim kampanyalar\u0131, g\u00f6n\u00fcll\u00fc projeler organize ediliyor. \u00c7evre bilinci bu tip krizlerden sonra daha da art\u0131yor. Biz de sekt\u00f6r olarak, bas\u0131nla, turizm acenteleriyle s\u00fcrekli ileti\u015fim halindeyiz. Ba\u015fta \u2019\u00c7e\u015fme kapal\u0131\u2019 alg\u0131s\u0131n\u0131n olu\u015fmamas\u0131 i\u00e7in elimizden geleni yap\u0131yoruz. \u00c7e\u015fme ve di\u011fer destinasyonlar\u0131m\u0131z h\u00e2l\u00e2 turistlerini a\u011f\u0131rlayacak kapasiteye sahiptir ve a\u011f\u0131rlamaktad\u0131r. Bu felaket bize bir kez daha g\u00f6sterdi ki turizm, do\u011fa ile birlikte var oluyor. Yang\u0131nlar iklim krizinin ve insan fakt\u00f6r\u00fcn\u00fcn bir sonucu. Sekt\u00f6r olarak s\u00fcrd\u00fcr\u00fclebilir turizm modellerine y\u00f6nelmek, yang\u0131n riski olan b\u00f6lgelerde erken uyar\u0131 sistemleri kurmak, \u00e7evre koruma projelerine daha fazla yat\u0131r\u0131m yapmak zorunday\u0131z. \u0130klim de\u011fi\u015fikli\u011fi, kurakl\u0131k, insan kaynakl\u0131 hatalar nedeniyle d\u00fcnyan\u0131n en geli\u015fmi\u015f \u00fclkelerinde bile bu t\u00fcr yang\u0131nlar\u0131 g\u00f6rebiliyoruz. Maalesef bu y\u0131l bu talihsizlikleri ard\u0131 ard\u0131na ve kabus g\u00f6r\u00fcnt\u00fcleriyle, biz ya\u015famak zorunda kald\u0131k. Kaybedilen ye\u015fil alanlar konusunda \u00e7ok \u00fczg\u00fcn\u00fcz. \u00c7ok etkilendik. H\u0131zl\u0131 m\u00fcdahale ve etkili kriz y\u00f6netimi sayesinde bu etkiyi minimuma indirece\u011fiz.  Hepimiz daha dikkatli olmak zorunday\u0131z.&#8221;<\/p>\n<p>&#8220;B\u00f6lgemiz g\u00fcvelidir&#8221;<br \/>\n<br \/>Seferihisar, Fo\u00e7a, \u00c7e\u015fme ve di\u011fer turistik b\u00f6lgelerin g\u00fcvende oldu\u011funu vurgulayan Mehmet \u0130\u015fler, &#8220;Tesislerimiz faaldir, a\u00e7\u0131kt\u0131r. T\u00fcm misafirlerimizi g\u00f6n\u00fcl rahatl\u0131\u011f\u0131yla en iyi \u015fekilde a\u011f\u0131rlamaya devam ediyoruz. \u0130nsanlar\u0131m\u0131z, sekt\u00f6r \u00e7al\u0131\u015fanlar\u0131m\u0131z dimdik ayaktad\u0131r. Ba\u015fta \u00c7e\u015fme\u2019miz olmak \u00fczere b\u00f6lgemiz h\u00e2l\u00e2 g\u00fczelli\u011fini ve enerjisini korumaktad\u0131r. Herkes elinden gelenin fazlas\u0131n\u0131 yapmaya \u00e7al\u0131\u015fmaktad\u0131r.  Son y\u0131llarda pandeminin, sava\u015flar\u0131n, depremlerin, ekonomik girdi maliyetlerinin etkilerini bertarafla diren\u00e7 kazanm\u0131\u015f g\u00fc\u00e7l\u00fc bir sekt\u00f6r\u00fcz. Biz yine misafirlerimizi a\u011f\u0131rlamaya, onlara eski g\u00fcnleri aratmayacak tatiller ya\u015fatmaya devam ediyoruz&#8221; dedi.<br \/><\/p>\n","protected":false},"excerpt":{"rendered":"<p>Ege Turistik \u0130\u015fletmeler ve Konaklamalar Birli\u011fi (ET\u0130K) Ba\u015fkan\u0131, T\u00fcrkiye Otelciler Federasyonu (T\u00dcROFED) Ba\u015fkan Yard\u0131mc\u0131s\u0131 Mehmet \u0130\u015fler, Ege\u2019de ve turistik il\u00e7elerde \u00e7\u0131kan yang\u0131nlar\u0131n b\u00f6lge ekonomisini ve sekt\u00f6r\u00fc derinden etkileyen bir felaket oldu\u011funu belirterek, ba\u015fta \u00c7e\u015fme, Fo\u00e7a, Seferihisar olmak \u00fczere Ege\u2019de t\u00fcm turizmcilerin tesisleri ve hizmet kaliteleriyle ayakta oldu\u011funu, felaketin izlerini silmek i\u00e7in yo\u011fun bir \u00e7aba i\u00e7ine&#8230;<\/p>\n","protected":false},"author":1,"featured_media":40099,"comment_status":"open","ping_status":"open","sticky":false,"template":"","format":"standard","meta":{"_crdt_document":"","footnotes":""},"categories":[1],"tags":[],"class_list":["post-40098","post","type-post","status-publish","format-standard","has-post-thumbnail","hentry","category-guncel"],"_links":{"self":[{"href":"https:\/\/www.egemtv.com\/index.php?rest_route=\/wp\/v2\/posts\/40098","targetHints":{"allow":["GET"]}}],"collection":[{"href":"https:\/\/www.egemtv.com\/index.php?rest_route=\/wp\/v2\/posts"}],"about":[{"href":"https:\/\/www.egemtv.com\/index.php?rest_route=\/wp\/v2\/types\/post"}],"author":[{"embeddable":true,"href":"https:\/\/www.egemtv.com\/index.php?rest_route=\/wp\/v2\/users\/1"}],"replies":[{"embeddable":true,"href":"https:\/\/www.egemtv.com\/index.php?rest_route=%2Fwp%2Fv2%2Fcomments&post=40098"}],"version-history":[{"count":1,"href":"https:\/\/www.egemtv.com\/index.php?rest_route=\/wp\/v2\/posts\/40098\/revisions"}],"predecessor-version":[{"id":40100,"href":"https:\/\/www.egemtv.com\/index.php?rest_route=\/wp\/v2\/posts\/40098\/revisions\/40100"}],"wp:featuredmedia":[{"embeddable":true,"href":"https:\/\/www.egemtv.com\/index.php?rest_route=\/wp\/v2\/media\/40099"}],"wp:attachment":[{"href":"https:\/\/www.egemtv.com\/index.php?rest_route=%2Fwp%2Fv2%2Fmedia&parent=40098"}],"wp:term":[{"taxonomy":"category","embeddable":true,"href":"https:\/\/www.egemtv.com\/index.php?rest_route=%2Fwp%2Fv2%2Fcategories&post=40098"},{"taxonomy":"post_tag","embeddable":true,"href":"https:\/\/www.egemtv.com\/index.php?rest_route=%2Fwp%2Fv2%2Ftags&post=40098"}],"curies":[{"name":"wp","href":"https:\/\/api.w.org\/{rel}","templated":true}]}}