{"id":40095,"date":"2025-07-05T15:38:11","date_gmt":"2025-07-05T12:38:11","guid":{"rendered":"https:\/\/www.egemtv.com\/?p=40095"},"modified":"2025-07-05T15:38:16","modified_gmt":"2025-07-05T12:38:16","slug":"denizli-sanayi-odasinin-meip-projesinde-okul-yoneticileriyle-ilk-toplanti-yapildi","status":"publish","type":"post","link":"https:\/\/www.egemtv.com\/?p=40095","title":{"rendered":"Denizli Sanayi Odas\u0131n\u0131n ME\u0130P projesinde okul y\u00f6neticileriyle ilk toplant\u0131 yap\u0131ld\u0131"},"content":{"rendered":"<p>DEN\u0130ZL\u0130 (\u0130HA) \u2013 Denizli Sanayi Odas\u0131\u2019n\u0131n mesleki e\u011fitimin g\u00fc\u00e7lenmesine ve sanayinin ihtiya\u00e7 duydu\u011fu insan kayna\u011f\u0131n\u0131n yeti\u015fmesine \u00f6nemli katk\u0131lar sunmas\u0131 hedefiyle Ege B\u00f6lgesinde bir ilki ger\u00e7ekle\u015ftirerek imzalad\u0131\u011f\u0131 Mesleki E\u011fitim \u0130\u015fbirli\u011fi Projesinde (ME\u0130P) okul idarecileriyle ilk toplant\u0131 yap\u0131ld\u0131.<\/p>\n<p>Denizli Sanayi Odas\u0131 ve Denizli \u0130l Milli E\u011fitim M\u00fcd\u00fcrl\u00fc\u011f\u00fc koordinasyonunda y\u00fcr\u00fct\u00fclen DSO ME\u0130P kapsam\u0131nda ilk Protokol Y\u00fcr\u00fctme Kurulu (PYK) Toplant\u0131s\u0131, Denizli \u0130l Milli E\u011fitim M\u00fcd\u00fcr\u00fc Dr. Emre \u00c7al\u0131\u015fkan, DSO Ba\u015fkan Yard\u0131mc\u0131s\u0131 Mehmet Serter ve protokolde yer alan 9 mesleki ve teknik Anadolu liselerinden okul y\u00f6neticilerinin yan\u0131 s\u0131ra DSO ve \u0130stanbul Sanayi Odas\u0131 profesyonellerinin kat\u0131l\u0131m\u0131yla yap\u0131ld\u0131.<\/p>\n<p>Toplant\u0131da, mesleki e\u011fitimin yerel ihtiya\u00e7lara cevap verecek \u015fekilde g\u00fc\u00e7lendirilmesi, sekt\u00f6rle kurulacak i\u015f birliklerinin etkinle\u015ftirilmesi ve takip sisteminin kullan\u0131m\u0131 gibi konular yer ald\u0131. Bir sonraki toplant\u0131n\u0131n, okullar\u0131m\u0131zda PYK \u00fcyesi olarak g\u00f6rev yapacak Odam\u0131z \u00dcyeleriyle yap\u0131lmas\u0131 planland\u0131.<\/p>\n<p>DSO ME\u0130P, gen\u00e7lerin mesleki yeterliliklerini art\u0131rmay\u0131, i\u015f d\u00fcnyas\u0131n\u0131n nitelikli i\u015fg\u00fcc\u00fc ihtiyac\u0131na \u00e7\u00f6z\u00fcm \u00fcretmeyi hedefliyor.<br \/><\/p>\n","protected":false},"excerpt":{"rendered":"<p>DEN\u0130ZL\u0130 (\u0130HA) \u2013 Denizli Sanayi Odas\u0131\u2019n\u0131n mesleki e\u011fitimin g\u00fc\u00e7lenmesine ve sanayinin ihtiya\u00e7 duydu\u011fu insan kayna\u011f\u0131n\u0131n yeti\u015fmesine \u00f6nemli katk\u0131lar sunmas\u0131 hedefiyle Ege B\u00f6lgesinde bir ilki ger\u00e7ekle\u015ftirerek imzalad\u0131\u011f\u0131 Mesleki E\u011fitim \u0130\u015fbirli\u011fi Projesinde (ME\u0130P) okul idarecileriyle ilk toplant\u0131 yap\u0131ld\u0131. Denizli Sanayi Odas\u0131 ve Denizli \u0130l Milli E\u011fitim M\u00fcd\u00fcrl\u00fc\u011f\u00fc koordinasyonunda y\u00fcr\u00fct\u00fclen DSO ME\u0130P kapsam\u0131nda ilk Protokol Y\u00fcr\u00fctme Kurulu (PYK)&#8230;<\/p>\n","protected":false},"author":1,"featured_media":40096,"comment_status":"open","ping_status":"open","sticky":false,"template":"","format":"standard","meta":{"_crdt_document":"","footnotes":""},"categories":[1],"tags":[],"class_list":["post-40095","post","type-post","status-publish","format-standard","has-post-thumbnail","hentry","category-guncel"],"_links":{"self":[{"href":"https:\/\/www.egemtv.com\/index.php?rest_route=\/wp\/v2\/posts\/40095","targetHints":{"allow":["GET"]}}],"collection":[{"href":"https:\/\/www.egemtv.com\/index.php?rest_route=\/wp\/v2\/posts"}],"about":[{"href":"https:\/\/www.egemtv.com\/index.php?rest_route=\/wp\/v2\/types\/post"}],"author":[{"embeddable":true,"href":"https:\/\/www.egemtv.com\/index.php?rest_route=\/wp\/v2\/users\/1"}],"replies":[{"embeddable":true,"href":"https:\/\/www.egemtv.com\/index.php?rest_route=%2Fwp%2Fv2%2Fcomments&post=40095"}],"version-history":[{"count":1,"href":"https:\/\/www.egemtv.com\/index.php?rest_route=\/wp\/v2\/posts\/40095\/revisions"}],"predecessor-version":[{"id":40097,"href":"https:\/\/www.egemtv.com\/index.php?rest_route=\/wp\/v2\/posts\/40095\/revisions\/40097"}],"wp:featuredmedia":[{"embeddable":true,"href":"https:\/\/www.egemtv.com\/index.php?rest_route=\/wp\/v2\/media\/40096"}],"wp:attachment":[{"href":"https:\/\/www.egemtv.com\/index.php?rest_route=%2Fwp%2Fv2%2Fmedia&parent=40095"}],"wp:term":[{"taxonomy":"category","embeddable":true,"href":"https:\/\/www.egemtv.com\/index.php?rest_route=%2Fwp%2Fv2%2Fcategories&post=40095"},{"taxonomy":"post_tag","embeddable":true,"href":"https:\/\/www.egemtv.com\/index.php?rest_route=%2Fwp%2Fv2%2Ftags&post=40095"}],"curies":[{"name":"wp","href":"https:\/\/api.w.org\/{rel}","templated":true}]}}