{"id":40092,"date":"2025-07-05T15:38:07","date_gmt":"2025-07-05T12:38:07","guid":{"rendered":"https:\/\/www.egemtv.com\/?p=40092"},"modified":"2025-07-05T15:38:11","modified_gmt":"2025-07-05T12:38:11","slug":"denizlide-ortu-yangini-evlere-sicramadan-sonduruldu","status":"publish","type":"post","link":"https:\/\/www.egemtv.com\/?p=40092","title":{"rendered":"Denizli\u2019de \u00f6rt\u00fc yang\u0131n\u0131 evlere s\u0131\u00e7ramadan s\u00f6nd\u00fcr\u00fcld\u00fc"},"content":{"rendered":"<p>Denizli\u2019de otlarla kapl\u0131 bo\u015f arazide \u00e7\u0131kan \u00f6rt\u00fc yang\u0131n\u0131, \u00e7evre bah\u00e7elerdeki meyve a\u011fa\u00e7lar\u0131na zarar verirken, evlere s\u0131\u00e7ramadan s\u00f6nd\u00fcr\u00fcld\u00fc.<br \/>\n<br \/>Edinilen bilgiye g\u00f6re; Denizli\u2019nin Pamukkale il\u00e7esine ba\u011fl\u0131 Sevindik Mahallesi\u2019nde kuru otlarla kapl\u0131 bo\u015f arazide, hen\u00fcz belirlenemeyen bir nedenle yang\u0131n \u00e7\u0131kt\u0131. K\u0131sa s\u00fcrede geni\u015f bir alana yay\u0131lan alevleri g\u00f6ren vatanda\u015flar, 112 Acil \u00c7a\u011fr\u0131 Merkezinden yard\u0131m istedi. Olay yerine gelen itfaiye ekipleri h\u0131zl\u0131ca yang\u0131na m\u00fcdahale etti. Bo\u015f arazinin \u00e7evresinde bulunan bah\u00e7elerdeki meyve a\u011fa\u00e7lar\u0131 yang\u0131ndan zarar g\u00f6r\u00fcrken, alevler evlere s\u0131\u00e7ramadan s\u00f6nd\u00fcr\u00fcld\u00fc.<br \/>\n<br \/>Olayla ilgili soru\u015fturma ba\u015flat\u0131ld\u0131.<br \/><\/p>\n","protected":false},"excerpt":{"rendered":"<p>Denizli\u2019de otlarla kapl\u0131 bo\u015f arazide \u00e7\u0131kan \u00f6rt\u00fc yang\u0131n\u0131, \u00e7evre bah\u00e7elerdeki meyve a\u011fa\u00e7lar\u0131na zarar verirken, evlere s\u0131\u00e7ramadan s\u00f6nd\u00fcr\u00fcld\u00fc. Edinilen bilgiye g\u00f6re; Denizli\u2019nin Pamukkale il\u00e7esine ba\u011fl\u0131 Sevindik Mahallesi\u2019nde kuru otlarla kapl\u0131 bo\u015f arazide, hen\u00fcz belirlenemeyen bir nedenle yang\u0131n \u00e7\u0131kt\u0131. K\u0131sa s\u00fcrede geni\u015f bir alana yay\u0131lan alevleri g\u00f6ren vatanda\u015flar, 112 Acil \u00c7a\u011fr\u0131 Merkezinden yard\u0131m istedi. Olay yerine gelen&#8230;<\/p>\n","protected":false},"author":1,"featured_media":40093,"comment_status":"open","ping_status":"open","sticky":false,"template":"","format":"standard","meta":{"_crdt_document":"","footnotes":""},"categories":[5],"tags":[],"class_list":["post-40092","post","type-post","status-publish","format-standard","has-post-thumbnail","hentry","category-asayis"],"_links":{"self":[{"href":"https:\/\/www.egemtv.com\/index.php?rest_route=\/wp\/v2\/posts\/40092","targetHints":{"allow":["GET"]}}],"collection":[{"href":"https:\/\/www.egemtv.com\/index.php?rest_route=\/wp\/v2\/posts"}],"about":[{"href":"https:\/\/www.egemtv.com\/index.php?rest_route=\/wp\/v2\/types\/post"}],"author":[{"embeddable":true,"href":"https:\/\/www.egemtv.com\/index.php?rest_route=\/wp\/v2\/users\/1"}],"replies":[{"embeddable":true,"href":"https:\/\/www.egemtv.com\/index.php?rest_route=%2Fwp%2Fv2%2Fcomments&post=40092"}],"version-history":[{"count":1,"href":"https:\/\/www.egemtv.com\/index.php?rest_route=\/wp\/v2\/posts\/40092\/revisions"}],"predecessor-version":[{"id":40094,"href":"https:\/\/www.egemtv.com\/index.php?rest_route=\/wp\/v2\/posts\/40092\/revisions\/40094"}],"wp:featuredmedia":[{"embeddable":true,"href":"https:\/\/www.egemtv.com\/index.php?rest_route=\/wp\/v2\/media\/40093"}],"wp:attachment":[{"href":"https:\/\/www.egemtv.com\/index.php?rest_route=%2Fwp%2Fv2%2Fmedia&parent=40092"}],"wp:term":[{"taxonomy":"category","embeddable":true,"href":"https:\/\/www.egemtv.com\/index.php?rest_route=%2Fwp%2Fv2%2Fcategories&post=40092"},{"taxonomy":"post_tag","embeddable":true,"href":"https:\/\/www.egemtv.com\/index.php?rest_route=%2Fwp%2Fv2%2Ftags&post=40092"}],"curies":[{"name":"wp","href":"https:\/\/api.w.org\/{rel}","templated":true}]}}