{"id":40089,"date":"2025-07-05T15:38:02","date_gmt":"2025-07-05T12:38:02","guid":{"rendered":"https:\/\/www.egemtv.com\/?p=40089"},"modified":"2025-07-05T15:38:07","modified_gmt":"2025-07-05T12:38:07","slug":"emekli-emniyet-muduru-bicer-son-yolculuguna-resmi-torenle-ugurlandi","status":"publish","type":"post","link":"https:\/\/www.egemtv.com\/?p=40089","title":{"rendered":"Emekli Emniyet M\u00fcd\u00fcr\u00fc Bi\u00e7er son yolculu\u011funa resmi t\u00f6renle u\u011furland\u0131"},"content":{"rendered":"<p>DEN\u0130ZL\u0130 (\u0130HA) \u2013 Denizli\u2019de ge\u00e7irdi\u011fi kalp krizi sonucu hayat\u0131n\u0131 kaybeden emekli Emniyet M\u00fcd\u00fcr\u00fc Ba\u015fkomiser Ali Bi\u00e7er, d\u00fczenlenen resmi t\u00f6renle son yolculu\u011funa u\u011furland\u0131.<\/p>\n<p>CHP Denizli Milletvekili G\u00fclizar Bi\u00e7er Karaca\u2019n\u0131n amcas\u0131 olan Emniyet M\u00fcd\u00fcr\u00fc Ba\u015fkomiser Ali Bi\u00e7er, 72 ya\u015f\u0131nda ge\u00e7irdi\u011fi kalp krizi sonucu tedavi g\u00f6rd\u00fc\u011f\u00fc hastanede hayat\u0131n\u0131 kaybetti. Ali Bi\u00e7er, cenazesi polis merasim mangas\u0131 taraf\u0131ndan d\u00fczenlenen resmi t\u00f6renle Pamukkale il\u00e7esine ba\u011fl\u0131 G\u00fczelk\u00f6y Mahalle Mezarl\u0131\u011f\u0131nda topra\u011fa verildi. Cenazeye Ali Bi\u00e7er\u2019in ailesi, yak\u0131nlar\u0131 ve siyasi parti temsilcileri ve vatanda\u015flar kat\u0131ld\u0131.<br \/><\/p>\n","protected":false},"excerpt":{"rendered":"<p>DEN\u0130ZL\u0130 (\u0130HA) \u2013 Denizli\u2019de ge\u00e7irdi\u011fi kalp krizi sonucu hayat\u0131n\u0131 kaybeden emekli Emniyet M\u00fcd\u00fcr\u00fc Ba\u015fkomiser Ali Bi\u00e7er, d\u00fczenlenen resmi t\u00f6renle son yolculu\u011funa u\u011furland\u0131. CHP Denizli Milletvekili G\u00fclizar Bi\u00e7er Karaca\u2019n\u0131n amcas\u0131 olan Emniyet M\u00fcd\u00fcr\u00fc Ba\u015fkomiser Ali Bi\u00e7er, 72 ya\u015f\u0131nda ge\u00e7irdi\u011fi kalp krizi sonucu tedavi g\u00f6rd\u00fc\u011f\u00fc hastanede hayat\u0131n\u0131 kaybetti. Ali Bi\u00e7er, cenazesi polis merasim mangas\u0131 taraf\u0131ndan d\u00fczenlenen resmi&#8230;<\/p>\n","protected":false},"author":1,"featured_media":40090,"comment_status":"open","ping_status":"open","sticky":false,"template":"","format":"standard","meta":{"_crdt_document":"","footnotes":""},"categories":[5],"tags":[],"class_list":["post-40089","post","type-post","status-publish","format-standard","has-post-thumbnail","hentry","category-asayis"],"_links":{"self":[{"href":"https:\/\/www.egemtv.com\/index.php?rest_route=\/wp\/v2\/posts\/40089","targetHints":{"allow":["GET"]}}],"collection":[{"href":"https:\/\/www.egemtv.com\/index.php?rest_route=\/wp\/v2\/posts"}],"about":[{"href":"https:\/\/www.egemtv.com\/index.php?rest_route=\/wp\/v2\/types\/post"}],"author":[{"embeddable":true,"href":"https:\/\/www.egemtv.com\/index.php?rest_route=\/wp\/v2\/users\/1"}],"replies":[{"embeddable":true,"href":"https:\/\/www.egemtv.com\/index.php?rest_route=%2Fwp%2Fv2%2Fcomments&post=40089"}],"version-history":[{"count":1,"href":"https:\/\/www.egemtv.com\/index.php?rest_route=\/wp\/v2\/posts\/40089\/revisions"}],"predecessor-version":[{"id":40091,"href":"https:\/\/www.egemtv.com\/index.php?rest_route=\/wp\/v2\/posts\/40089\/revisions\/40091"}],"wp:featuredmedia":[{"embeddable":true,"href":"https:\/\/www.egemtv.com\/index.php?rest_route=\/wp\/v2\/media\/40090"}],"wp:attachment":[{"href":"https:\/\/www.egemtv.com\/index.php?rest_route=%2Fwp%2Fv2%2Fmedia&parent=40089"}],"wp:term":[{"taxonomy":"category","embeddable":true,"href":"https:\/\/www.egemtv.com\/index.php?rest_route=%2Fwp%2Fv2%2Fcategories&post=40089"},{"taxonomy":"post_tag","embeddable":true,"href":"https:\/\/www.egemtv.com\/index.php?rest_route=%2Fwp%2Fv2%2Ftags&post=40089"}],"curies":[{"name":"wp","href":"https:\/\/api.w.org\/{rel}","templated":true}]}}