{"id":40086,"date":"2025-07-05T15:37:56","date_gmt":"2025-07-05T12:37:56","guid":{"rendered":"https:\/\/www.egemtv.com\/?p=40086"},"modified":"2025-07-05T15:38:02","modified_gmt":"2025-07-05T12:38:02","slug":"jandarma-servis-soforunun-buldugu-5-bin-lirayi-sahibine-teslim-etti","status":"publish","type":"post","link":"https:\/\/www.egemtv.com\/?p=40086","title":{"rendered":"Jandarma, servis \u015fof\u00f6r\u00fcn\u00fcn buldu\u011fu 5 bin liray\u0131 sahibine teslim etti"},"content":{"rendered":"<p>K\u00fctahya\u2019n\u0131n Hisarc\u0131k il\u00e7esinde servis \u015fof\u00f6r\u00fcn\u00fcn arazi yang\u0131n\u0131 s\u00f6nd\u00fcrme esnas\u0131nda buldu\u011fu 5 bin liray\u0131 jandarma sahibine teslim etti.<br \/>\n<br \/>Edinilen bilgiye g\u00f6re, yol yap\u0131m \u015firketinde servis \u015fof\u00f6rl\u00fc\u011f\u00fc yapan Ahmet Kara, d\u00fcn il\u00e7e merkezi Ba\u011flaryan\u0131 mevkiinde meydana gelen arazi yang\u0131n\u0131 s\u00f6nd\u00fcrme \u00e7al\u0131\u015fmalar\u0131 esnas\u0131nda arazide yere serpilmi\u015f halde 5 bin lira buldu. \u015eof\u00f6r Kara, daha sonra paray\u0131 jandarmaya teslim etti. Yap\u0131lan ara\u015ft\u0131rma sonucu bulunan paran\u0131n \u0130smail \u015eeng\u00fcl isimli \u00e7ift\u00e7iye ait oldu\u011fu anla\u015f\u0131ld\u0131. \u00c7ift\u00e7i \u015eeng\u00fcl, kaybetti\u011fi 5 bin liray\u0131 \u0130l\u00e7e Jandarma Komutanl\u0131\u011f\u0131na giderek teslim ald\u0131.<br \/>\n<br \/>Servis \u015fof\u00f6r\u00fc Ahmet Kara, i\u015f\u00e7ileri servis ile \u015fantiyeye g\u00f6t\u00fcrd\u00fc\u011f\u00fc esnada arazide yeni ba\u015flayan yang\u0131n\u0131 g\u00f6rerek arac\u0131 durdurup i\u015f\u00e7ilerle birlikte yang\u0131na m\u00fcdahale ettiklerini s\u00f6yledi.<br \/>\n<br \/>\u015eof\u00f6r Kara, &#8221; Yak\u0131nlarda bulunan bir yerle\u015fim yerinden temin etti\u011fimiz balta ve kesici aletlerle a\u011fa\u00e7lardan dal keserek yang\u0131n\u0131 s\u00f6nd\u00fcrme u\u011fra\u015f\u0131 i\u00e7ine girdik. Bu esnada arazide yerlere serpilmi\u015f haldeki 5 bin lira paray\u0131 toplay\u0131p, daha sonra jandarmaya teslim ettim. Ben insanl\u0131k g\u00f6revimi yapt\u0131m. Bu devirde para kolay kazan\u0131lm\u0131yor. Sahibi g\u00fcle g\u00fcle harcans\u0131n &#8221; dedi.<br \/>\n<br \/>\u015eof\u00f6r Ahmet Kara\u2019ya telefonla ula\u015farak te\u015fekk\u00fcr eden paran\u0131n sahibi \u00e7ift\u00e7i \u0130smail \u015eeng\u00fcl, &#8221; Arazi yang\u0131n\u0131 s\u00f6nd\u00fcrme \u00e7al\u0131\u015fmalar\u0131 esnas\u0131nda paran\u0131n c\u00fczdan\u0131mdan kay\u0131p d\u00fc\u015ft\u00fc\u011f\u00fcn\u00fc sonradan fark ettim. Bulunaca\u011f\u0131ndan pek umudum yoktu. \u00c7\u00fcnk\u00fc &#8220;Yang\u0131nda yanm\u0131\u015ft\u0131r&#8221; diye d\u00fc\u015f\u00fcn\u00fcyordum. Ama helal paraym\u0131\u015f. Bulan arkada\u015ftan da Allah raz\u0131 olsun&#8221; dedi.<br \/><\/p>\n","protected":false},"excerpt":{"rendered":"<p>K\u00fctahya\u2019n\u0131n Hisarc\u0131k il\u00e7esinde servis \u015fof\u00f6r\u00fcn\u00fcn arazi yang\u0131n\u0131 s\u00f6nd\u00fcrme esnas\u0131nda buldu\u011fu 5 bin liray\u0131 jandarma sahibine teslim etti. Edinilen bilgiye g\u00f6re, yol yap\u0131m \u015firketinde servis \u015fof\u00f6rl\u00fc\u011f\u00fc yapan Ahmet Kara, d\u00fcn il\u00e7e merkezi Ba\u011flaryan\u0131 mevkiinde meydana gelen arazi yang\u0131n\u0131 s\u00f6nd\u00fcrme \u00e7al\u0131\u015fmalar\u0131 esnas\u0131nda arazide yere serpilmi\u015f halde 5 bin lira buldu. \u015eof\u00f6r Kara, daha sonra paray\u0131 jandarmaya teslim&#8230;<\/p>\n","protected":false},"author":1,"featured_media":40087,"comment_status":"open","ping_status":"open","sticky":false,"template":"","format":"standard","meta":{"_crdt_document":"","footnotes":""},"categories":[123],"tags":[],"class_list":["post-40086","post","type-post","status-publish","format-standard","has-post-thumbnail","hentry","category-gundem"],"_links":{"self":[{"href":"https:\/\/www.egemtv.com\/index.php?rest_route=\/wp\/v2\/posts\/40086","targetHints":{"allow":["GET"]}}],"collection":[{"href":"https:\/\/www.egemtv.com\/index.php?rest_route=\/wp\/v2\/posts"}],"about":[{"href":"https:\/\/www.egemtv.com\/index.php?rest_route=\/wp\/v2\/types\/post"}],"author":[{"embeddable":true,"href":"https:\/\/www.egemtv.com\/index.php?rest_route=\/wp\/v2\/users\/1"}],"replies":[{"embeddable":true,"href":"https:\/\/www.egemtv.com\/index.php?rest_route=%2Fwp%2Fv2%2Fcomments&post=40086"}],"version-history":[{"count":1,"href":"https:\/\/www.egemtv.com\/index.php?rest_route=\/wp\/v2\/posts\/40086\/revisions"}],"predecessor-version":[{"id":40088,"href":"https:\/\/www.egemtv.com\/index.php?rest_route=\/wp\/v2\/posts\/40086\/revisions\/40088"}],"wp:featuredmedia":[{"embeddable":true,"href":"https:\/\/www.egemtv.com\/index.php?rest_route=\/wp\/v2\/media\/40087"}],"wp:attachment":[{"href":"https:\/\/www.egemtv.com\/index.php?rest_route=%2Fwp%2Fv2%2Fmedia&parent=40086"}],"wp:term":[{"taxonomy":"category","embeddable":true,"href":"https:\/\/www.egemtv.com\/index.php?rest_route=%2Fwp%2Fv2%2Fcategories&post=40086"},{"taxonomy":"post_tag","embeddable":true,"href":"https:\/\/www.egemtv.com\/index.php?rest_route=%2Fwp%2Fv2%2Ftags&post=40086"}],"curies":[{"name":"wp","href":"https:\/\/api.w.org\/{rel}","templated":true}]}}