{"id":40083,"date":"2025-07-05T15:16:02","date_gmt":"2025-07-05T12:16:02","guid":{"rendered":"https:\/\/www.egemtv.com\/?p=40083"},"modified":"2025-07-05T15:16:07","modified_gmt":"2025-07-05T12:16:07","slug":"yildizspordan-tarihi-adim","status":"publish","type":"post","link":"https:\/\/www.egemtv.com\/?p=40083","title":{"rendered":"Y\u0131ld\u0131zspor\u2019dan tarihi ad\u0131m"},"content":{"rendered":"<p>Ayd\u0131n\u2019\u0131n Efeler il\u00e7esinde futbolun gelece\u011fine y\u00f6n veren Y\u0131ld\u0131zspor Kul\u00fcb\u00fc, \u00f6rnek \u00e7al\u0131\u015fmalar\u0131yla bir kez daha ad\u0131ndan s\u00f6z ettirdi. Ba\u015fkan Kaya \u00d6zcan liderli\u011finde uzun y\u0131llard\u0131r altyap\u0131 vizyonunu &#8220;\u00f6nce iyi birey, sonra iyi sporcu&#8221; anlay\u0131\u015f\u0131yla s\u00fcrd\u00fcren kul\u00fcp, \u015fimdi de U14, U15, U16 ve U17 tak\u0131mlar\u0131yla T\u00fcrkiye Futbol Federasyonu\u2019nun Akademi Ligleri\u2019ne kat\u0131lmak \u00fczere resmi ba\u015fvurusunu yapt\u0131.<br \/>\n<br \/>T\u00fcrkiye Futbol Federasyonu\u2019nun Akademi Ligleri i\u00e7in belirledi\u011fi t\u00fcm kriterleri ba\u015far\u0131yla yerine getiren Y\u0131ld\u0131zspor, altyap\u0131 alan\u0131nda yapt\u0131\u011f\u0131 yat\u0131r\u0131mlar ve disiplinli \u00e7al\u0131\u015fmalar\u0131yla sadece Ayd\u0131n\u2019da de\u011fil, b\u00f6lge genelinde de \u00f6rnek bir model haline geldi. Ba\u015fkan Kaya \u00d6zcan, gen\u00e7 yetenekleri T\u00fcrk futboluna kazand\u0131rma yolunda kararl\u0131l\u0131kla ilerlediklerini belirterek, &#8220;Sadece sahada de\u011fil, hayatta da ba\u015far\u0131l\u0131 bireyler yeti\u015ftirmek \u00f6nceli\u011fimiz&#8221; dedi.<br \/>\n<br \/>Alt ya\u015f kategorilerindeki ba\u015far\u0131lar\u0131 ve istikrarl\u0131 y\u00f6netimiyle dikkat \u00e7eken Y\u0131ld\u0131zspor, b\u00f6lgedeki bir\u00e7ok kul\u00fcbe ilham olurken, altyap\u0131daki bu hamlesiyle yine bir ilke imza att\u0131. Y\u0131ld\u0131zspor Ba\u015fkan\u0131 Kaya \u00d6zcan yapt\u0131\u011f\u0131 a\u00e7\u0131klamada, &#8220;Y\u0131ld\u0131zspor kul\u00fcb\u00fc olarak \u00f6nce iyi ve ahlakl\u0131 birey, sonra kaliteli ve ba\u015far\u0131l\u0131 sporcu yeti\u015ftirme anlay\u0131\u015f\u0131yla y\u00fcr\u00fctt\u00fc\u011f\u00fcm\u00fcz altyap\u0131 \u00e7al\u0131\u015fmalar\u0131m\u0131z h\u0131z kesmeden devam etmektedir. Bu \u00e7al\u0131\u015fmalar kapsam\u0131nda kul\u00fcb\u00fcm\u00fcz U14 &#8211; U15 &#8211; U16 ve U17 tak\u0131mlar\u0131n\u0131n \u00f6n\u00fcm\u00fczdeki sezon Akademi Ligine kat\u0131l\u0131m\u0131 i\u00e7in gerekli ba\u015fvurular T\u00fcrkiye Futbol Federasyonuna yap\u0131lm\u0131\u015ft\u0131r. T\u00fcrkiye Futbol Federasyonunun Akademi Ligleri i\u00e7in belirledi\u011fi t\u00fcm \u015fartlar taraf\u0131m\u0131zca yerine getirilmi\u015ftir. Altyap\u0131 kategorilerinde yapt\u0131klar\u0131m\u0131zla \u015fehrimizdeki hatta b\u00f6lgemizdeki bir\u00e7ok kul\u00fcbe \u00f6rnek olan Y\u0131ld\u0131zsporumuz yine \u00f6rnek bir hamle yapm\u0131\u015f ve ilklerin tak\u0131m\u0131 oldu\u011funu tekrar t\u00fcm spor kamuoyuna g\u00f6stermi\u015ftir&#8221; ifadelerini kulland\u0131.<br \/><\/p>\n","protected":false},"excerpt":{"rendered":"<p>Ayd\u0131n\u2019\u0131n Efeler il\u00e7esinde futbolun gelece\u011fine y\u00f6n veren Y\u0131ld\u0131zspor Kul\u00fcb\u00fc, \u00f6rnek \u00e7al\u0131\u015fmalar\u0131yla bir kez daha ad\u0131ndan s\u00f6z ettirdi. Ba\u015fkan Kaya \u00d6zcan liderli\u011finde uzun y\u0131llard\u0131r altyap\u0131 vizyonunu &#8220;\u00f6nce iyi birey, sonra iyi sporcu&#8221; anlay\u0131\u015f\u0131yla s\u00fcrd\u00fcren kul\u00fcp, \u015fimdi de U14, U15, U16 ve U17 tak\u0131mlar\u0131yla T\u00fcrkiye Futbol Federasyonu\u2019nun Akademi Ligleri\u2019ne kat\u0131lmak \u00fczere resmi ba\u015fvurusunu yapt\u0131. T\u00fcrkiye Futbol Federasyonu\u2019nun&#8230;<\/p>\n","protected":false},"author":1,"featured_media":40084,"comment_status":"open","ping_status":"open","sticky":false,"template":"","format":"standard","meta":{"_crdt_document":"","footnotes":""},"categories":[4],"tags":[],"class_list":["post-40083","post","type-post","status-publish","format-standard","has-post-thumbnail","hentry","category-spor"],"_links":{"self":[{"href":"https:\/\/www.egemtv.com\/index.php?rest_route=\/wp\/v2\/posts\/40083","targetHints":{"allow":["GET"]}}],"collection":[{"href":"https:\/\/www.egemtv.com\/index.php?rest_route=\/wp\/v2\/posts"}],"about":[{"href":"https:\/\/www.egemtv.com\/index.php?rest_route=\/wp\/v2\/types\/post"}],"author":[{"embeddable":true,"href":"https:\/\/www.egemtv.com\/index.php?rest_route=\/wp\/v2\/users\/1"}],"replies":[{"embeddable":true,"href":"https:\/\/www.egemtv.com\/index.php?rest_route=%2Fwp%2Fv2%2Fcomments&post=40083"}],"version-history":[{"count":1,"href":"https:\/\/www.egemtv.com\/index.php?rest_route=\/wp\/v2\/posts\/40083\/revisions"}],"predecessor-version":[{"id":40085,"href":"https:\/\/www.egemtv.com\/index.php?rest_route=\/wp\/v2\/posts\/40083\/revisions\/40085"}],"wp:featuredmedia":[{"embeddable":true,"href":"https:\/\/www.egemtv.com\/index.php?rest_route=\/wp\/v2\/media\/40084"}],"wp:attachment":[{"href":"https:\/\/www.egemtv.com\/index.php?rest_route=%2Fwp%2Fv2%2Fmedia&parent=40083"}],"wp:term":[{"taxonomy":"category","embeddable":true,"href":"https:\/\/www.egemtv.com\/index.php?rest_route=%2Fwp%2Fv2%2Fcategories&post=40083"},{"taxonomy":"post_tag","embeddable":true,"href":"https:\/\/www.egemtv.com\/index.php?rest_route=%2Fwp%2Fv2%2Ftags&post=40083"}],"curies":[{"name":"wp","href":"https:\/\/api.w.org\/{rel}","templated":true}]}}