{"id":40077,"date":"2025-07-05T15:15:52","date_gmt":"2025-07-05T12:15:52","guid":{"rendered":"https:\/\/www.egemtv.com\/?p=40077"},"modified":"2025-07-05T15:15:57","modified_gmt":"2025-07-05T12:15:57","slug":"david-efianayi-aliaga-petkimspora-dondu","status":"publish","type":"post","link":"https:\/\/www.egemtv.com\/?p=40077","title":{"rendered":"David Efianayi, Alia\u011fa Petkimspor\u2019a d\u00f6nd\u00fc"},"content":{"rendered":"<p>T\u00fcrkiye Sigorta Basketbol S\u00fcper Ligi ekiplerinden Alia\u011fa Petkimspor, ABD\u2019li basketbolcu David Efianayi ile yeniden anla\u015ft\u0131.<br \/>\n<br \/>\u0130zmir ekibinin sosyal medya hesab\u0131ndan konuyla ilgili yap\u0131lan a\u00e7\u0131klamada, tak\u0131mda 2023-2024 sezonunda da forma giyen David Efianayi\u2019nin yeniden transfer edildi\u011fi belirtildi.<br \/><\/p>\n","protected":false},"excerpt":{"rendered":"<p>T\u00fcrkiye Sigorta Basketbol S\u00fcper Ligi ekiplerinden Alia\u011fa Petkimspor, ABD\u2019li basketbolcu David Efianayi ile yeniden anla\u015ft\u0131. \u0130zmir ekibinin sosyal medya hesab\u0131ndan konuyla ilgili yap\u0131lan a\u00e7\u0131klamada, tak\u0131mda 2023-2024 sezonunda da forma giyen David Efianayi\u2019nin yeniden transfer edildi\u011fi belirtildi.<\/p>\n","protected":false},"author":1,"featured_media":40078,"comment_status":"open","ping_status":"open","sticky":false,"template":"","format":"standard","meta":{"_crdt_document":"","footnotes":""},"categories":[4],"tags":[],"class_list":["post-40077","post","type-post","status-publish","format-standard","has-post-thumbnail","hentry","category-spor"],"_links":{"self":[{"href":"https:\/\/www.egemtv.com\/index.php?rest_route=\/wp\/v2\/posts\/40077","targetHints":{"allow":["GET"]}}],"collection":[{"href":"https:\/\/www.egemtv.com\/index.php?rest_route=\/wp\/v2\/posts"}],"about":[{"href":"https:\/\/www.egemtv.com\/index.php?rest_route=\/wp\/v2\/types\/post"}],"author":[{"embeddable":true,"href":"https:\/\/www.egemtv.com\/index.php?rest_route=\/wp\/v2\/users\/1"}],"replies":[{"embeddable":true,"href":"https:\/\/www.egemtv.com\/index.php?rest_route=%2Fwp%2Fv2%2Fcomments&post=40077"}],"version-history":[{"count":1,"href":"https:\/\/www.egemtv.com\/index.php?rest_route=\/wp\/v2\/posts\/40077\/revisions"}],"predecessor-version":[{"id":40079,"href":"https:\/\/www.egemtv.com\/index.php?rest_route=\/wp\/v2\/posts\/40077\/revisions\/40079"}],"wp:featuredmedia":[{"embeddable":true,"href":"https:\/\/www.egemtv.com\/index.php?rest_route=\/wp\/v2\/media\/40078"}],"wp:attachment":[{"href":"https:\/\/www.egemtv.com\/index.php?rest_route=%2Fwp%2Fv2%2Fmedia&parent=40077"}],"wp:term":[{"taxonomy":"category","embeddable":true,"href":"https:\/\/www.egemtv.com\/index.php?rest_route=%2Fwp%2Fv2%2Fcategories&post=40077"},{"taxonomy":"post_tag","embeddable":true,"href":"https:\/\/www.egemtv.com\/index.php?rest_route=%2Fwp%2Fv2%2Ftags&post=40077"}],"curies":[{"name":"wp","href":"https:\/\/api.w.org\/{rel}","templated":true}]}}