{"id":40074,"date":"2025-07-05T15:15:47","date_gmt":"2025-07-05T12:15:47","guid":{"rendered":"https:\/\/www.egemtv.com\/?p=40074"},"modified":"2025-07-05T15:15:52","modified_gmt":"2025-07-05T12:15:52","slug":"aydinin-demir-ayagi-ceylin-turkiye-sampiyonu-oldu","status":"publish","type":"post","link":"https:\/\/www.egemtv.com\/?p=40074","title":{"rendered":"Ayd\u0131n\u2019\u0131n demir aya\u011f\u0131 Ceylin, T\u00fcrkiye \u015eampiyonu oldu"},"content":{"rendered":"<p>T\u00fcrkiye Amat\u00f6r Spor Kul\u00fcpleri Konfederasyonu (TASKK) taraf\u0131ndan organize edilen T\u00fcrkiye Kick Boks \u015eampiyonas\u0131 Gen\u00e7ler Kategorisinde m\u00fccadele eden Ayd\u0131nl\u0131 16 ya\u015f\u0131ndaki sporcu Ceylin Demiro\u011flu, \u0130zmir\u2019de T\u00fcrkiye \u015eampiyonu oldu.<br \/>\n<br \/>Ayd\u0131n\u2019\u0131n Efeler il\u00e7esinde faaliyet g\u00f6steren \u00f6zel bir spor kul\u00fcb\u00fc \u00f6\u011frencisi kickbokscu Ceylin Demiro\u011flu, \u0130zmir\u2019de ger\u00e7ekle\u015ftirilen organizasyonda 56 kilo FullContact kategorisinde \u015fampiyonlu\u011fa ula\u015ft\u0131. 1 Temmuz-8 Temmuz aras\u0131nda ger\u00e7ekle\u015ftirilen \u015fampiyona 10 bin ki\u015fi kapasiteli \u0130zmir Halkap\u0131nar Spor Salonu\u2019nda b\u00fcy\u00fck heyecana sahne oldu. Ayd\u0131nl\u0131 sporcu Ceylin\u2019in g\u00f6sterdi\u011fi performans\u0131yla \u015fampiyonluk ba\u015far\u0131s\u0131na ula\u015f\u0131rken, izleyenlerden de tam not ald\u0131. Ceylin Demiro\u011flu\u2019nun antren\u00f6r\u00fc eski milli antren\u00f6r \u00d6mer Geva\u015fl\u0131, \u00f6\u011frencisinin ba\u015far\u0131s\u0131ndan dolay\u0131 gurur duydu\u011funu s\u00f6yleyerek, gen\u00e7 ya\u015f\u0131na ra\u011fmen \u00f6nemli bir ba\u015far\u0131 elde etti\u011fini ve bu performans\u0131yla daha b\u00fcy\u00fck ba\u015far\u0131lara ula\u015faca\u011f\u0131na inand\u0131\u011f\u0131n\u0131 belirtti.<br \/><\/p>\n","protected":false},"excerpt":{"rendered":"<p>T\u00fcrkiye Amat\u00f6r Spor Kul\u00fcpleri Konfederasyonu (TASKK) taraf\u0131ndan organize edilen T\u00fcrkiye Kick Boks \u015eampiyonas\u0131 Gen\u00e7ler Kategorisinde m\u00fccadele eden Ayd\u0131nl\u0131 16 ya\u015f\u0131ndaki sporcu Ceylin Demiro\u011flu, \u0130zmir\u2019de T\u00fcrkiye \u015eampiyonu oldu. Ayd\u0131n\u2019\u0131n Efeler il\u00e7esinde faaliyet g\u00f6steren \u00f6zel bir spor kul\u00fcb\u00fc \u00f6\u011frencisi kickbokscu Ceylin Demiro\u011flu, \u0130zmir\u2019de ger\u00e7ekle\u015ftirilen organizasyonda 56 kilo FullContact kategorisinde \u015fampiyonlu\u011fa ula\u015ft\u0131. 1 Temmuz-8 Temmuz aras\u0131nda ger\u00e7ekle\u015ftirilen \u015fampiyona&#8230;<\/p>\n","protected":false},"author":1,"featured_media":40075,"comment_status":"open","ping_status":"open","sticky":false,"template":"","format":"standard","meta":{"_crdt_document":"","footnotes":""},"categories":[4],"tags":[],"class_list":["post-40074","post","type-post","status-publish","format-standard","has-post-thumbnail","hentry","category-spor"],"_links":{"self":[{"href":"https:\/\/www.egemtv.com\/index.php?rest_route=\/wp\/v2\/posts\/40074","targetHints":{"allow":["GET"]}}],"collection":[{"href":"https:\/\/www.egemtv.com\/index.php?rest_route=\/wp\/v2\/posts"}],"about":[{"href":"https:\/\/www.egemtv.com\/index.php?rest_route=\/wp\/v2\/types\/post"}],"author":[{"embeddable":true,"href":"https:\/\/www.egemtv.com\/index.php?rest_route=\/wp\/v2\/users\/1"}],"replies":[{"embeddable":true,"href":"https:\/\/www.egemtv.com\/index.php?rest_route=%2Fwp%2Fv2%2Fcomments&post=40074"}],"version-history":[{"count":1,"href":"https:\/\/www.egemtv.com\/index.php?rest_route=\/wp\/v2\/posts\/40074\/revisions"}],"predecessor-version":[{"id":40076,"href":"https:\/\/www.egemtv.com\/index.php?rest_route=\/wp\/v2\/posts\/40074\/revisions\/40076"}],"wp:featuredmedia":[{"embeddable":true,"href":"https:\/\/www.egemtv.com\/index.php?rest_route=\/wp\/v2\/media\/40075"}],"wp:attachment":[{"href":"https:\/\/www.egemtv.com\/index.php?rest_route=%2Fwp%2Fv2%2Fmedia&parent=40074"}],"wp:term":[{"taxonomy":"category","embeddable":true,"href":"https:\/\/www.egemtv.com\/index.php?rest_route=%2Fwp%2Fv2%2Fcategories&post=40074"},{"taxonomy":"post_tag","embeddable":true,"href":"https:\/\/www.egemtv.com\/index.php?rest_route=%2Fwp%2Fv2%2Ftags&post=40074"}],"curies":[{"name":"wp","href":"https:\/\/api.w.org\/{rel}","templated":true}]}}