{"id":40071,"date":"2025-07-05T14:56:35","date_gmt":"2025-07-05T11:56:35","guid":{"rendered":"https:\/\/www.egemtv.com\/?p=40071"},"modified":"2025-07-05T14:56:39","modified_gmt":"2025-07-05T11:56:39","slug":"zara-otomobil-tutkunlariyla-hem-oynadi-hem-oynatti","status":"publish","type":"post","link":"https:\/\/www.egemtv.com\/?p=40071","title":{"rendered":"Zara otomobil tutkunlar\u0131yla hem oynad\u0131 hem oynatt\u0131"},"content":{"rendered":"<p>Denizli Motorlu Ta\u015f\u0131tlar Fuar\u0131\u2019n\u0131n 3. g\u00fcn\u00fcnde sahne alan Zara, seslendirdi\u011fi hareketli \u015fark\u0131lar ile hem oynad\u0131 hem de onlarca Denizliliyi oynatt\u0131.<br \/>\n<br \/>Bizim Fuarc\u0131l\u0131k taraf\u0131ndan Denizli\u2019de ilk kez d\u00fczenlenen Denizli Motorlu Ta\u015f\u0131tlar (DEMOT) Fuar\u0131\u2019n\u0131n 3. g\u00fcn\u00fcnde T\u00fcrk halk m\u00fczi\u011finin sevilen ismi Zara sahne ald\u0131. Seslendirdi\u011fi t\u00fcrk\u00fclere onlarca kat\u0131l\u0131mc\u0131n\u0131n da e\u015flik etti\u011fi konser unutulmaz anlara sahne oldu. Ayr\u0131ca Zara seslendirdi\u011fi hareketli t\u00fcrk\u00fcler ile de onlarca insan\u0131 adeta co\u015fturdu. Zara bir yandan t\u00fcrk\u00fc s\u00f6yleyip oynarken, onlarca Denizlili de kendisine e\u015flik ederek oynad\u0131.<br \/>\n<br \/>Konserde Zara\u2019ya Buldan dokumas\u0131 \u00fcr\u00fcnler hediye eden Bizim Fuarc\u0131l\u0131k Y\u00f6netim Kurulu Ba\u015fkan\u0131 Birol Karata\u015f, konserin iptal edildi\u011fi provokasyonu sebebiyle bir\u00e7ok ki\u015finin kat\u0131lamad\u0131\u011f\u0131n\u0131 ifade etti.<br \/><\/p>\n","protected":false},"excerpt":{"rendered":"<p>Denizli Motorlu Ta\u015f\u0131tlar Fuar\u0131\u2019n\u0131n 3. g\u00fcn\u00fcnde sahne alan Zara, seslendirdi\u011fi hareketli \u015fark\u0131lar ile hem oynad\u0131 hem de onlarca Denizliliyi oynatt\u0131. Bizim Fuarc\u0131l\u0131k taraf\u0131ndan Denizli\u2019de ilk kez d\u00fczenlenen Denizli Motorlu Ta\u015f\u0131tlar (DEMOT) Fuar\u0131\u2019n\u0131n 3. g\u00fcn\u00fcnde T\u00fcrk halk m\u00fczi\u011finin sevilen ismi Zara sahne ald\u0131. Seslendirdi\u011fi t\u00fcrk\u00fclere onlarca kat\u0131l\u0131mc\u0131n\u0131n da e\u015flik etti\u011fi konser unutulmaz anlara sahne oldu. Ayr\u0131ca&#8230;<\/p>\n","protected":false},"author":1,"featured_media":40072,"comment_status":"open","ping_status":"open","sticky":false,"template":"","format":"standard","meta":{"_crdt_document":"","footnotes":""},"categories":[1],"tags":[],"class_list":["post-40071","post","type-post","status-publish","format-standard","has-post-thumbnail","hentry","category-guncel"],"_links":{"self":[{"href":"https:\/\/www.egemtv.com\/index.php?rest_route=\/wp\/v2\/posts\/40071","targetHints":{"allow":["GET"]}}],"collection":[{"href":"https:\/\/www.egemtv.com\/index.php?rest_route=\/wp\/v2\/posts"}],"about":[{"href":"https:\/\/www.egemtv.com\/index.php?rest_route=\/wp\/v2\/types\/post"}],"author":[{"embeddable":true,"href":"https:\/\/www.egemtv.com\/index.php?rest_route=\/wp\/v2\/users\/1"}],"replies":[{"embeddable":true,"href":"https:\/\/www.egemtv.com\/index.php?rest_route=%2Fwp%2Fv2%2Fcomments&post=40071"}],"version-history":[{"count":1,"href":"https:\/\/www.egemtv.com\/index.php?rest_route=\/wp\/v2\/posts\/40071\/revisions"}],"predecessor-version":[{"id":40073,"href":"https:\/\/www.egemtv.com\/index.php?rest_route=\/wp\/v2\/posts\/40071\/revisions\/40073"}],"wp:featuredmedia":[{"embeddable":true,"href":"https:\/\/www.egemtv.com\/index.php?rest_route=\/wp\/v2\/media\/40072"}],"wp:attachment":[{"href":"https:\/\/www.egemtv.com\/index.php?rest_route=%2Fwp%2Fv2%2Fmedia&parent=40071"}],"wp:term":[{"taxonomy":"category","embeddable":true,"href":"https:\/\/www.egemtv.com\/index.php?rest_route=%2Fwp%2Fv2%2Fcategories&post=40071"},{"taxonomy":"post_tag","embeddable":true,"href":"https:\/\/www.egemtv.com\/index.php?rest_route=%2Fwp%2Fv2%2Ftags&post=40071"}],"curies":[{"name":"wp","href":"https:\/\/api.w.org\/{rel}","templated":true}]}}