{"id":40065,"date":"2025-07-05T14:16:44","date_gmt":"2025-07-05T11:16:44","guid":{"rendered":"https:\/\/www.egemtv.com\/?p=40065"},"modified":"2025-07-05T14:16:47","modified_gmt":"2025-07-05T11:16:47","slug":"yangindan-kurtulan-patili-dostlara-yeni-yuva","status":"publish","type":"post","link":"https:\/\/www.egemtv.com\/?p=40065","title":{"rendered":"Yang\u0131ndan kurtulan patili dostlara yeni yuva"},"content":{"rendered":"<p>\u00c7e\u015fme Belediyesi, \u00c7ESAL ve Kent Konseyi i\u015f birli\u011fiyle Ala\u00e7at\u0131 Patipark\u2019ta d\u00fczenlenen sahiplendirme etkinli\u011finde y\u00fczlerce hayvansever bir araya geldi. Yang\u0131ndan sa\u011f kurtar\u0131lan can dostlara s\u0131cak yuvalar bulundu.<br \/>\n<br \/>\u00c7e\u015fme\u2019de ge\u00e7ti\u011fimiz g\u00fcnlerde meydana gelen b\u00fcy\u00fck yang\u0131n felaketinin ard\u0131ndan hayat kurtarma \u00e7al\u0131\u015fmalar\u0131 sadece insanlar i\u00e7in de\u011fil, b\u00f6lgedeki hayvanlar i\u00e7in de b\u00fcy\u00fck bir seferberli\u011fe d\u00f6n\u00fc\u015ft\u00fc. Yang\u0131n\u0131n en yo\u011fun hissedildi\u011fi alanlardan biri olan \u00c7ESAL Hayvan Bar\u0131na\u011f\u0131\u2019ndan kurtar\u0131lan yakla\u015f\u0131k 300 sokak hayvan\u0131 i\u00e7in \u00f6rnek bir dayan\u0131\u015fma etkinli\u011fi d\u00fczenlendi.<br \/>\n<br \/>4 Temmuz 2025 Cuma g\u00fcn\u00fc, \u00c7e\u015fme Belediyesi, \u00c7e\u015fme Kent Konseyi ile CESAL (\u00c7e\u015fme Sokak Hayvanlar\u0131n\u0131 Koruma Derne\u011fi) i\u015f birli\u011fiyle Ala\u00e7at\u0131 Patipark\u2019ta ger\u00e7ekle\u015ftirilen sahiplendirme toplant\u0131s\u0131, hayvanseverlerin yo\u011fun ilgisiyle kar\u015f\u0131land\u0131. Etkinli\u011fe sadece \u00c7e\u015fmeliler de\u011fil, \u0130zmir, Ankara ve \u0130stanbul\u2019dan gelen g\u00f6n\u00fcll\u00fcler de kat\u0131ld\u0131.<br \/>\n<br \/>Etkinlikte yaln\u0131zca sahiplendirme de\u011fil, ayn\u0131 zamanda ba\u011f\u0131\u015f kampanyalar\u0131 da \u00f6ne \u00e7\u0131kt\u0131. Kat\u0131l\u0131mc\u0131lar, mama, bak\u0131m \u00fcr\u00fcnleri ve hijyen malzemeleri gibi bir\u00e7ok temel ihtiyac\u0131 alana getirerek destek oldular. Toplanan yard\u0131m miktar\u0131 beklenenden fazla olunca, bir k\u0131sm\u0131 farkl\u0131 depolara ta\u015f\u0131nd\u0131.<br \/>\n<br \/>Etkinlik boyunca bir\u00e7ok patili dost, kendilerine yeni bir yuva ve sevgi dolu bir aile buldu. \u00d6zellikle \u00e7ocuklu aileler, ya\u015fl\u0131 ve engelli hayvanlara b\u00fcy\u00fck ilgi g\u00f6sterdi. Etkinlikte hayvanlar\u0131n sa\u011fl\u0131k durumu veterinerler e\u015fli\u011finde kontrol edildi, sahiplendirme s\u00fcreci g\u00f6n\u00fcll\u00fc uzmanlar g\u00f6zetiminde ger\u00e7ekle\u015fti.<\/p>\n<p>Ba\u015fkan Lal Denizli: &#8220;\u00c7e\u015fme dayan\u0131\u015fma ruhu ile hareket ediyor&#8221;<br \/>\n<br \/>Etkinli\u011fe kat\u0131lan \u00c7e\u015fme Belediye Ba\u015fkan\u0131 Lal Denizli, yapt\u0131\u011f\u0131 a\u00e7\u0131klamada, yang\u0131n\u0131n yol a\u00e7t\u0131\u011f\u0131 hasar\u0131n sadece maddi de\u011fil, manevi olarak da b\u00fcy\u00fck oldu\u011funu vurgulayarak \u015funlar\u0131 s\u00f6yledi:<br \/>\n<br \/>&#8220;Yang\u0131ndan kurtard\u0131\u011f\u0131m\u0131z bu canlara sahip \u00e7\u0131kmak, onlara s\u0131cak bir yuva sunmak hepimizin sorumlulu\u011fudur. \u00c7e\u015fme halk\u0131, zor zamanlarda nas\u0131l kenetlendi\u011fini bir kez daha g\u00f6sterdi. Belediyemiz, \u00c7ESAL ve g\u00f6n\u00fcll\u00fclerle birlikte, ge\u00e7ici bar\u0131nma ve beslenme ihtiya\u00e7lar\u0131n\u0131 kar\u015f\u0131lamaya devam edece\u011fiz.&#8221;<\/p>\n<p>Bar\u0131nak tamamen yand\u0131, yeni kampanya ba\u015flat\u0131l\u0131yor<br \/>\n<br \/>\u00c7e\u015fme Kent Konseyi Ba\u015fkan\u0131 Ahmet G\u00fcler, Hayvan Haklar\u0131 Komisyonu Ba\u015fkan\u0131 Baha G\u00fcvelo\u011flu ve \u00c7ESAL Ba\u015fkan\u0131 Serdal Co\u015fkun da toplant\u0131da  yapt\u0131klar\u0131 a\u00e7\u0131klamada, dayan\u0131\u015fman\u0131n s\u00fcrece\u011fini belirterek \u015fu ifadeleri kulland\u0131lar:<br \/>\n<br \/>&#8220;Yang\u0131nda bir tek hayvan\u0131m\u0131z\u0131n bile burnu kanamad\u0131. Bu, hem g\u00f6n\u00fcll\u00fclerimizin hem de yerel y\u00f6netim ve arama kurtarma ekiplerinin g\u00f6sterdi\u011fi ola\u011fan\u00fcst\u00fc \u00e7aban\u0131n sonucudur. Ancak, ne yaz\u0131k ki bar\u0131na\u011f\u0131m\u0131z tamamen k\u00fcl oldu. \u015eimdi \u00f6n\u00fcm\u00fczde daha b\u00fcy\u00fck bir sorumluluk var. En k\u0131sa s\u00fcrede yeni bir bar\u0131nak kurmak i\u00e7in b\u00fcy\u00fck \u00e7apl\u0131 bir yard\u0131m kampanyas\u0131 ba\u015flataca\u011f\u0131z. T\u00fcm hayvan dostlar\u0131n\u0131 bu s\u00fcrece destek olmaya davet ediyoruz.&#8221;<\/p>\n<p>Umut yeniden ye\u015feriyor<br \/>\n<br \/>Yang\u0131n\u0131n ard\u0131ndan adeta k\u00fcllerinden do\u011fan bu anlaml\u0131 bulu\u015fma, hem hayvanlar hem de insanlar i\u00e7in bir umut simgesine d\u00f6n\u00fc\u015ft\u00fc. G\u00f6n\u00fcll\u00fclerden baz\u0131lar\u0131, bar\u0131nak in\u015fas\u0131 tamamlanana kadar ge\u00e7ici ev sahipli\u011fi yapma s\u00f6z\u00fc verdi. Ayr\u0131ca \u00f6n\u00fcm\u00fczdeki g\u00fcnlerde yeni mama toplama kampanyalar\u0131 ve veteriner destek projeleri de planlan\u0131yor. \u00c7e\u015fme, bu \u00f6rnek dayan\u0131\u015fma ile bir kez daha do\u011fa ve hayvan dostu kimli\u011fini per\u00e7inledi.<br \/><\/p>\n","protected":false},"excerpt":{"rendered":"<p>\u00c7e\u015fme Belediyesi, \u00c7ESAL ve Kent Konseyi i\u015f birli\u011fiyle Ala\u00e7at\u0131 Patipark\u2019ta d\u00fczenlenen sahiplendirme etkinli\u011finde y\u00fczlerce hayvansever bir araya geldi. Yang\u0131ndan sa\u011f kurtar\u0131lan can dostlara s\u0131cak yuvalar bulundu. \u00c7e\u015fme\u2019de ge\u00e7ti\u011fimiz g\u00fcnlerde meydana gelen b\u00fcy\u00fck yang\u0131n felaketinin ard\u0131ndan hayat kurtarma \u00e7al\u0131\u015fmalar\u0131 sadece insanlar i\u00e7in de\u011fil, b\u00f6lgedeki hayvanlar i\u00e7in de b\u00fcy\u00fck bir seferberli\u011fe d\u00f6n\u00fc\u015ft\u00fc. Yang\u0131n\u0131n en yo\u011fun hissedildi\u011fi alanlardan&#8230;<\/p>\n","protected":false},"author":1,"featured_media":40066,"comment_status":"open","ping_status":"open","sticky":false,"template":"","format":"standard","meta":{"_crdt_document":"","footnotes":""},"categories":[1],"tags":[],"class_list":["post-40065","post","type-post","status-publish","format-standard","has-post-thumbnail","hentry","category-guncel"],"_links":{"self":[{"href":"https:\/\/www.egemtv.com\/index.php?rest_route=\/wp\/v2\/posts\/40065","targetHints":{"allow":["GET"]}}],"collection":[{"href":"https:\/\/www.egemtv.com\/index.php?rest_route=\/wp\/v2\/posts"}],"about":[{"href":"https:\/\/www.egemtv.com\/index.php?rest_route=\/wp\/v2\/types\/post"}],"author":[{"embeddable":true,"href":"https:\/\/www.egemtv.com\/index.php?rest_route=\/wp\/v2\/users\/1"}],"replies":[{"embeddable":true,"href":"https:\/\/www.egemtv.com\/index.php?rest_route=%2Fwp%2Fv2%2Fcomments&post=40065"}],"version-history":[{"count":1,"href":"https:\/\/www.egemtv.com\/index.php?rest_route=\/wp\/v2\/posts\/40065\/revisions"}],"predecessor-version":[{"id":40067,"href":"https:\/\/www.egemtv.com\/index.php?rest_route=\/wp\/v2\/posts\/40065\/revisions\/40067"}],"wp:featuredmedia":[{"embeddable":true,"href":"https:\/\/www.egemtv.com\/index.php?rest_route=\/wp\/v2\/media\/40066"}],"wp:attachment":[{"href":"https:\/\/www.egemtv.com\/index.php?rest_route=%2Fwp%2Fv2%2Fmedia&parent=40065"}],"wp:term":[{"taxonomy":"category","embeddable":true,"href":"https:\/\/www.egemtv.com\/index.php?rest_route=%2Fwp%2Fv2%2Fcategories&post=40065"},{"taxonomy":"post_tag","embeddable":true,"href":"https:\/\/www.egemtv.com\/index.php?rest_route=%2Fwp%2Fv2%2Ftags&post=40065"}],"curies":[{"name":"wp","href":"https:\/\/api.w.org\/{rel}","templated":true}]}}