{"id":40062,"date":"2025-07-05T14:16:39","date_gmt":"2025-07-05T11:16:39","guid":{"rendered":"https:\/\/www.egemtv.com\/?p=40062"},"modified":"2025-07-05T14:16:44","modified_gmt":"2025-07-05T11:16:44","slug":"karacasu-belediyesinden-onemli-uyari","status":"publish","type":"post","link":"https:\/\/www.egemtv.com\/?p=40062","title":{"rendered":"Karacasu Belediyesi\u2019nden \u2019\u00f6nemli\u2019 uyar\u0131"},"content":{"rendered":"<p>Hava s\u0131cakl\u0131klar\u0131n\u0131n mevsim normallerinin \u00fczerine \u00e7\u0131kmas\u0131 \u00fczerine \u00e7a\u011fr\u0131 yapan Karacasu Belediyesi, ormanlara izinsiz girilmemesi gerekti\u011fini hat\u0131rlatarak orman yang\u0131n\u0131 riskine dikkat \u00e7ekti.<br \/>\n<br \/>\u00dclke genelinde son g\u00fcnlerde etkili olan orman yang\u0131nlar\u0131na dikkat \u00e7eken Karacasu Belediyesi, hava s\u0131cakl\u0131klar\u0131n\u0131n da mevsim normallerinin \u00fczerine \u00e7\u0131kmas\u0131 ile birlikte yang\u0131n riskinin artt\u0131\u011f\u0131n\u0131 ifade ederek vatanda\u015flara uyar\u0131larda bulundu. Ayd\u0131n Valili\u011fi koordinesinde il genelinde al\u0131nan orman yang\u0131nlar\u0131n\u0131 \u00f6nleme tedbirleri kapsam\u0131nda ormanl\u0131k alanlara giri\u015f \u00e7\u0131k\u0131\u015flar\u0131n yasak oldu\u011funu hat\u0131rlatan Karacasu Belediyesi, yapt\u0131\u011f\u0131 uyar\u0131yla birlikte vatanda\u015flar\u0131 duyarl\u0131 olmaya davet etti. Karacasu Belediyesi\u2019nden yap\u0131lan a\u00e7\u0131klamada &#8220;Yap\u0131lan son meteorolojik de\u011ferlendirmelere g\u00f6re; Cumartesi g\u00fcn\u00fcnden itibaren hava s\u0131cakl\u0131\u011f\u0131n\u0131n mevsim normallerinin 4 ila 6 derece \u00fczerine \u00e7\u0131kmas\u0131 tahmin edilmektedir.Bu da orman yang\u0131nlar\u0131 riskini ciddi \u015fekilde art\u0131rmaktad\u0131r. L\u00fctfen ormanlara izinsiz girmeyin, yol kenarlar\u0131na cam, izmarit, pet \u015fi\u015fe atmay\u0131n, bah\u00e7e, sera, an\u0131z gibi alanlarda ate\u015f yakmay\u0131n. Her t\u00fcrl\u00fc \u015f\u00fcpheli durumu 112 Acil\u2019e bildirin. Unutmay\u0131n, k\u00fc\u00e7\u00fcc\u00fck bir k\u0131v\u0131lc\u0131m, binlerce hektar orman\u0131 yok edebilir. Do\u011fay\u0131 birlikte koruyal\u0131m&#8221; ifadeleri yer ald\u0131.<br \/><\/p>\n","protected":false},"excerpt":{"rendered":"<p>Hava s\u0131cakl\u0131klar\u0131n\u0131n mevsim normallerinin \u00fczerine \u00e7\u0131kmas\u0131 \u00fczerine \u00e7a\u011fr\u0131 yapan Karacasu Belediyesi, ormanlara izinsiz girilmemesi gerekti\u011fini hat\u0131rlatarak orman yang\u0131n\u0131 riskine dikkat \u00e7ekti. \u00dclke genelinde son g\u00fcnlerde etkili olan orman yang\u0131nlar\u0131na dikkat \u00e7eken Karacasu Belediyesi, hava s\u0131cakl\u0131klar\u0131n\u0131n da mevsim normallerinin \u00fczerine \u00e7\u0131kmas\u0131 ile birlikte yang\u0131n riskinin artt\u0131\u011f\u0131n\u0131 ifade ederek vatanda\u015flara uyar\u0131larda bulundu. Ayd\u0131n Valili\u011fi koordinesinde il genelinde&#8230;<\/p>\n","protected":false},"author":1,"featured_media":40063,"comment_status":"open","ping_status":"open","sticky":false,"template":"","format":"standard","meta":{"_crdt_document":"","footnotes":""},"categories":[1],"tags":[],"class_list":["post-40062","post","type-post","status-publish","format-standard","has-post-thumbnail","hentry","category-guncel"],"_links":{"self":[{"href":"https:\/\/www.egemtv.com\/index.php?rest_route=\/wp\/v2\/posts\/40062","targetHints":{"allow":["GET"]}}],"collection":[{"href":"https:\/\/www.egemtv.com\/index.php?rest_route=\/wp\/v2\/posts"}],"about":[{"href":"https:\/\/www.egemtv.com\/index.php?rest_route=\/wp\/v2\/types\/post"}],"author":[{"embeddable":true,"href":"https:\/\/www.egemtv.com\/index.php?rest_route=\/wp\/v2\/users\/1"}],"replies":[{"embeddable":true,"href":"https:\/\/www.egemtv.com\/index.php?rest_route=%2Fwp%2Fv2%2Fcomments&post=40062"}],"version-history":[{"count":1,"href":"https:\/\/www.egemtv.com\/index.php?rest_route=\/wp\/v2\/posts\/40062\/revisions"}],"predecessor-version":[{"id":40064,"href":"https:\/\/www.egemtv.com\/index.php?rest_route=\/wp\/v2\/posts\/40062\/revisions\/40064"}],"wp:featuredmedia":[{"embeddable":true,"href":"https:\/\/www.egemtv.com\/index.php?rest_route=\/wp\/v2\/media\/40063"}],"wp:attachment":[{"href":"https:\/\/www.egemtv.com\/index.php?rest_route=%2Fwp%2Fv2%2Fmedia&parent=40062"}],"wp:term":[{"taxonomy":"category","embeddable":true,"href":"https:\/\/www.egemtv.com\/index.php?rest_route=%2Fwp%2Fv2%2Fcategories&post=40062"},{"taxonomy":"post_tag","embeddable":true,"href":"https:\/\/www.egemtv.com\/index.php?rest_route=%2Fwp%2Fv2%2Ftags&post=40062"}],"curies":[{"name":"wp","href":"https:\/\/api.w.org\/{rel}","templated":true}]}}