{"id":40059,"date":"2025-07-05T13:37:20","date_gmt":"2025-07-05T10:37:20","guid":{"rendered":"https:\/\/www.egemtv.com\/?p=40059"},"modified":"2025-07-05T13:37:26","modified_gmt":"2025-07-05T10:37:26","slug":"izmir-yangininda-itfaiyeciler-baligi-kurtardi","status":"publish","type":"post","link":"https:\/\/www.egemtv.com\/?p=40059","title":{"rendered":"\u0130zmir yang\u0131n\u0131nda itfaiyeciler bal\u0131\u011f\u0131 kurtard\u0131"},"content":{"rendered":"<p>\u0130zmir\u2019in Buca il\u00e7esinde meydana gelen orman yang\u0131n\u0131nda canl\u0131 bulunan bir bal\u0131k, itfaiye ekipleri taraf\u0131ndan kurtar\u0131l\u0131rken o anlar cep telefonu kameras\u0131 ile g\u00f6r\u00fcnt\u00fclendi.<br \/>\n<br \/>\u0130zmir\u2019in Buca il\u00e7esinde 2 Temmuz g\u00fcn\u00fc ba\u015flayan orman yang\u0131n\u0131, \u015fiddetli r\u00fczg\u00e2r\u0131n etkisiyle b\u00fcy\u00fcyerek Gaziemir ve Menderes il\u00e7elerindeki ormanl\u0131k alanlar\u0131 da etkisi alt\u0131na ald\u0131. Yang\u0131n ekiplerin uzun s\u00fcren m\u00fccadeleleri sonucu d\u00fcn kontrol alt\u0131na al\u0131nabildi. Y\u00fczlerce hektarl\u0131k alan yang\u0131ndan etkilenirken, orman ve itfaiye ekipleri cansiparene bir \u015fekilde m\u00fccadele verdi.<br \/>\n<br \/>Bal\u0131\u011f\u0131 b\u00f6yle kurtard\u0131lar<br \/>\n<br \/>Yang\u0131n s\u00f6nd\u00fcrme \u00e7al\u0131\u015fmalar\u0131na destek olmak i\u00e7in \u0130zmir\u2019in Buca il\u00e7esine gelen \u0130stanbul \u0130tfaiyesi ekipleri, yang\u0131n esnas\u0131nda can \u00e7eki\u015fen bir bal\u0131\u011f\u0131 fark etti. \u0130tfaiye hortumundan verilen suyla hayata d\u00f6nd\u00fcr\u00fclen bal\u0131\u011f\u0131n kurtar\u0131lma an\u0131 g\u00f6r\u00fcnt\u00fcleri de cep telefonu kameras\u0131 ile g\u00f6r\u00fcnt\u00fclendi.<br \/><\/p>\n","protected":false},"excerpt":{"rendered":"<p>\u0130zmir\u2019in Buca il\u00e7esinde meydana gelen orman yang\u0131n\u0131nda canl\u0131 bulunan bir bal\u0131k, itfaiye ekipleri taraf\u0131ndan kurtar\u0131l\u0131rken o anlar cep telefonu kameras\u0131 ile g\u00f6r\u00fcnt\u00fclendi. \u0130zmir\u2019in Buca il\u00e7esinde 2 Temmuz g\u00fcn\u00fc ba\u015flayan orman yang\u0131n\u0131, \u015fiddetli r\u00fczg\u00e2r\u0131n etkisiyle b\u00fcy\u00fcyerek Gaziemir ve Menderes il\u00e7elerindeki ormanl\u0131k alanlar\u0131 da etkisi alt\u0131na ald\u0131. Yang\u0131n ekiplerin uzun s\u00fcren m\u00fccadeleleri sonucu d\u00fcn kontrol alt\u0131na al\u0131nabildi&#8230;.<\/p>\n","protected":false},"author":1,"featured_media":40060,"comment_status":"open","ping_status":"open","sticky":false,"template":"","format":"standard","meta":{"_crdt_document":"","footnotes":""},"categories":[5],"tags":[],"class_list":["post-40059","post","type-post","status-publish","format-standard","has-post-thumbnail","hentry","category-asayis"],"_links":{"self":[{"href":"https:\/\/www.egemtv.com\/index.php?rest_route=\/wp\/v2\/posts\/40059","targetHints":{"allow":["GET"]}}],"collection":[{"href":"https:\/\/www.egemtv.com\/index.php?rest_route=\/wp\/v2\/posts"}],"about":[{"href":"https:\/\/www.egemtv.com\/index.php?rest_route=\/wp\/v2\/types\/post"}],"author":[{"embeddable":true,"href":"https:\/\/www.egemtv.com\/index.php?rest_route=\/wp\/v2\/users\/1"}],"replies":[{"embeddable":true,"href":"https:\/\/www.egemtv.com\/index.php?rest_route=%2Fwp%2Fv2%2Fcomments&post=40059"}],"version-history":[{"count":1,"href":"https:\/\/www.egemtv.com\/index.php?rest_route=\/wp\/v2\/posts\/40059\/revisions"}],"predecessor-version":[{"id":40061,"href":"https:\/\/www.egemtv.com\/index.php?rest_route=\/wp\/v2\/posts\/40059\/revisions\/40061"}],"wp:featuredmedia":[{"embeddable":true,"href":"https:\/\/www.egemtv.com\/index.php?rest_route=\/wp\/v2\/media\/40060"}],"wp:attachment":[{"href":"https:\/\/www.egemtv.com\/index.php?rest_route=%2Fwp%2Fv2%2Fmedia&parent=40059"}],"wp:term":[{"taxonomy":"category","embeddable":true,"href":"https:\/\/www.egemtv.com\/index.php?rest_route=%2Fwp%2Fv2%2Fcategories&post=40059"},{"taxonomy":"post_tag","embeddable":true,"href":"https:\/\/www.egemtv.com\/index.php?rest_route=%2Fwp%2Fv2%2Ftags&post=40059"}],"curies":[{"name":"wp","href":"https:\/\/api.w.org\/{rel}","templated":true}]}}