{"id":40056,"date":"2025-07-05T12:36:20","date_gmt":"2025-07-05T09:36:20","guid":{"rendered":"https:\/\/www.egemtv.com\/?p=40056"},"modified":"2025-07-05T12:36:24","modified_gmt":"2025-07-05T09:36:24","slug":"denizli-aydin-otoyolunda-ters-yone-giren-otomobil-kamyonla-carpisti-1-olu-3-yarali","status":"publish","type":"post","link":"https:\/\/www.egemtv.com\/?p=40056","title":{"rendered":"Denizli-Ayd\u0131n Otoyolunda ters y\u00f6ne giren otomobil kamyonla \u00e7arp\u0131\u015ft\u0131: 1 \u00f6l\u00fc, 3 yaral\u0131"},"content":{"rendered":"<p>DEN\u0130ZL\u0130 (\u0130HA) \u2013 Denizli \u2013 Ayd\u0131n Otoyolunda mola verdikleri dinlenme tesisinden \u00e7\u0131karken yanl\u0131\u015fl\u0131kla ters y\u00f6ne giren otomobilin kamyonla \u00e7arp\u0131\u015fmas\u0131 sonucu ayn\u0131 aileden 1 ki\u015fi \u00f6ld\u00fc, 3 ki\u015fi yaraland\u0131.<\/p>\n<p>Kaza, \u00f6nceki g\u00fcn \u00f6\u011fle saatlerde Denizli-Ayd\u0131n Otoyolunda meydana geldi. Edinilen bilgiye g\u00f6re; mola verdikleri dinlenme tesisinden \u00e7\u0131karken, bir anl\u0131k dalg\u0131nl\u0131\u011f\u0131 sonucu ters y\u00f6ne d\u00f6nen Saime G\u00f6k\u00e7en Y\u0131ld\u0131z\u2019\u0131n (20) kulland\u0131\u011f\u0131 80 FZ 853 plakal\u0131 otomobil, Denizli\u2019den \u0130zmir\u2019e gitmekte olan Necmettin K. (50) idaresindeki 35 JZ 769 plakal\u0131 kamyonla \u00e7arp\u0131\u015ft\u0131. Gen\u00e7 k\u0131z\u0131n kulland\u0131\u011f\u0131 otomobil, \u00e7arp\u0131\u015fman\u0131n etkisiyle metrelerce savrularak, b\u00fcy\u00fck hasar ald\u0131.<\/p>\n<p>Otoyolu kullanan di\u011fer s\u00fcr\u00fcc\u00fclerin ihbar\u0131 \u00fczerine kaza yerine sa\u011fl\u0131k ve jandarma ekipleri sevk edildi. Sa\u011fl\u0131k ekibinin yapt\u0131\u011f\u0131 kontrolde, otomobil s\u00fcr\u00fcc\u00fcs\u00fc k\u0131z\u0131 Saime G\u00f6k\u00e7en Y\u0131ld\u0131z\u2019\u0131n ya\u015fam\u0131n\u0131 yitirdi\u011fi belirlendi. Kazada s\u00fcr\u00fcc\u00fcn\u00fcn babas\u0131 G\u00f6khan Y\u0131ld\u0131z (50) ve annesi Nihal Y\u0131ld\u0131z (48) ile karde\u015fi \u0130rem G\u00fcl\u00e7in Y\u0131ld\u0131z (18), olay yerinde yap\u0131lan ilk m\u00fcdahalelerinin ard\u0131ndan ambulansla Denizli\u2019deki hastanelere, sevk edilerek tedavi alt\u0131na al\u0131nd\u0131.  Yaral\u0131lar\u0131n sa\u011fl\u0131k durumunun iyi oldu\u011fu \u00f6\u011frenilirken, kazayla ilgili soru\u015fturma ba\u015flat\u0131ld\u0131.<br \/><\/p>\n","protected":false},"excerpt":{"rendered":"<p>DEN\u0130ZL\u0130 (\u0130HA) \u2013 Denizli \u2013 Ayd\u0131n Otoyolunda mola verdikleri dinlenme tesisinden \u00e7\u0131karken yanl\u0131\u015fl\u0131kla ters y\u00f6ne giren otomobilin kamyonla \u00e7arp\u0131\u015fmas\u0131 sonucu ayn\u0131 aileden 1 ki\u015fi \u00f6ld\u00fc, 3 ki\u015fi yaraland\u0131. Kaza, \u00f6nceki g\u00fcn \u00f6\u011fle saatlerde Denizli-Ayd\u0131n Otoyolunda meydana geldi. Edinilen bilgiye g\u00f6re; mola verdikleri dinlenme tesisinden \u00e7\u0131karken, bir anl\u0131k dalg\u0131nl\u0131\u011f\u0131 sonucu ters y\u00f6ne d\u00f6nen Saime G\u00f6k\u00e7en Y\u0131ld\u0131z\u2019\u0131n&#8230;<\/p>\n","protected":false},"author":1,"featured_media":40057,"comment_status":"open","ping_status":"open","sticky":false,"template":"","format":"standard","meta":{"_crdt_document":"","footnotes":""},"categories":[5],"tags":[],"class_list":["post-40056","post","type-post","status-publish","format-standard","has-post-thumbnail","hentry","category-asayis"],"_links":{"self":[{"href":"https:\/\/www.egemtv.com\/index.php?rest_route=\/wp\/v2\/posts\/40056","targetHints":{"allow":["GET"]}}],"collection":[{"href":"https:\/\/www.egemtv.com\/index.php?rest_route=\/wp\/v2\/posts"}],"about":[{"href":"https:\/\/www.egemtv.com\/index.php?rest_route=\/wp\/v2\/types\/post"}],"author":[{"embeddable":true,"href":"https:\/\/www.egemtv.com\/index.php?rest_route=\/wp\/v2\/users\/1"}],"replies":[{"embeddable":true,"href":"https:\/\/www.egemtv.com\/index.php?rest_route=%2Fwp%2Fv2%2Fcomments&post=40056"}],"version-history":[{"count":1,"href":"https:\/\/www.egemtv.com\/index.php?rest_route=\/wp\/v2\/posts\/40056\/revisions"}],"predecessor-version":[{"id":40058,"href":"https:\/\/www.egemtv.com\/index.php?rest_route=\/wp\/v2\/posts\/40056\/revisions\/40058"}],"wp:featuredmedia":[{"embeddable":true,"href":"https:\/\/www.egemtv.com\/index.php?rest_route=\/wp\/v2\/media\/40057"}],"wp:attachment":[{"href":"https:\/\/www.egemtv.com\/index.php?rest_route=%2Fwp%2Fv2%2Fmedia&parent=40056"}],"wp:term":[{"taxonomy":"category","embeddable":true,"href":"https:\/\/www.egemtv.com\/index.php?rest_route=%2Fwp%2Fv2%2Fcategories&post=40056"},{"taxonomy":"post_tag","embeddable":true,"href":"https:\/\/www.egemtv.com\/index.php?rest_route=%2Fwp%2Fv2%2Ftags&post=40056"}],"curies":[{"name":"wp","href":"https:\/\/api.w.org\/{rel}","templated":true}]}}