{"id":40053,"date":"2025-07-05T12:15:44","date_gmt":"2025-07-05T09:15:44","guid":{"rendered":"https:\/\/www.egemtv.com\/?p=40053"},"modified":"2025-07-05T12:15:48","modified_gmt":"2025-07-05T09:15:48","slug":"afyonkarahisarda-muharrem-ayinda-asure-bereketi","status":"publish","type":"post","link":"https:\/\/www.egemtv.com\/?p=40053","title":{"rendered":"Afyonkarahisar\u2019da Muharrem Ay\u0131\u2019nda a\u015fure bereketi"},"content":{"rendered":"<p>Afyonkarahisar Valili\u011fi ile Vak\u0131flar B\u00f6lge M\u00fcd\u00fcrl\u00fc\u011f\u00fc i\u015f birli\u011finde, Muharrem Ay\u0131\u2019n\u0131n manevi atmosferini payla\u015fmak ve ya\u015fatmak amac\u0131yla vatanda\u015flara a\u015fure ikram\u0131nda bulunuldu.<br \/>\n<br \/>Ger\u00e7ekle\u015ftirilen etkinlik \u00e7er\u00e7evesinde Gedik Ahmet Pa\u015fa Camii\u2019nde 2 bin, Mevlevi Camii\u2019nde bin ve Sinanpa\u015fa K\u00fclliyesi\u2019nde 750 ki\u015filik a\u015fure haz\u0131rland\u0131 ve vatanda\u015flara ikram edildi. A\u015fure ikramlar\u0131, yaln\u0131zca bu \u00fc\u00e7 merkezle s\u0131n\u0131rl\u0131 kalmayacak. Muharrem Ay\u0131\u2019n\u0131n ilk on g\u00fcn\u00fc boyunca Afyonkarahisar genelinde bulunan 20 camide ve 19 Kur\u2019an kursunda a\u015fure da\u011f\u0131t\u0131m\u0131 devam edecek.<br \/>\n<br \/>Afyonkarahisar Valili\u011fi taraf\u0131ndan yap\u0131lan a\u00e7\u0131klamada, birlik, beraberlik ve karde\u015flik duygular\u0131n\u0131 peki\u015ftiren bu \u00f6zel g\u00fcnlerin t\u00fcm hem\u015fehrilere hay\u0131rlar getirmesi temennisinde bulunuldu. Vatanda\u015flar ise etkinlikten duyduklar\u0131 memnuniyeti dile getirerek, bu t\u00fcr manevi payla\u015f\u0131mlar\u0131n s\u00fcrd\u00fcr\u00fclmesini arzu ettiklerini ifade ettiler.<br \/><\/p>\n","protected":false},"excerpt":{"rendered":"<p>Afyonkarahisar Valili\u011fi ile Vak\u0131flar B\u00f6lge M\u00fcd\u00fcrl\u00fc\u011f\u00fc i\u015f birli\u011finde, Muharrem Ay\u0131\u2019n\u0131n manevi atmosferini payla\u015fmak ve ya\u015fatmak amac\u0131yla vatanda\u015flara a\u015fure ikram\u0131nda bulunuldu. Ger\u00e7ekle\u015ftirilen etkinlik \u00e7er\u00e7evesinde Gedik Ahmet Pa\u015fa Camii\u2019nde 2 bin, Mevlevi Camii\u2019nde bin ve Sinanpa\u015fa K\u00fclliyesi\u2019nde 750 ki\u015filik a\u015fure haz\u0131rland\u0131 ve vatanda\u015flara ikram edildi. A\u015fure ikramlar\u0131, yaln\u0131zca bu \u00fc\u00e7 merkezle s\u0131n\u0131rl\u0131 kalmayacak. Muharrem Ay\u0131\u2019n\u0131n ilk on&#8230;<\/p>\n","protected":false},"author":1,"featured_media":40054,"comment_status":"open","ping_status":"open","sticky":false,"template":"","format":"standard","meta":{"_crdt_document":"","footnotes":""},"categories":[1],"tags":[],"class_list":["post-40053","post","type-post","status-publish","format-standard","has-post-thumbnail","hentry","category-guncel"],"_links":{"self":[{"href":"https:\/\/www.egemtv.com\/index.php?rest_route=\/wp\/v2\/posts\/40053","targetHints":{"allow":["GET"]}}],"collection":[{"href":"https:\/\/www.egemtv.com\/index.php?rest_route=\/wp\/v2\/posts"}],"about":[{"href":"https:\/\/www.egemtv.com\/index.php?rest_route=\/wp\/v2\/types\/post"}],"author":[{"embeddable":true,"href":"https:\/\/www.egemtv.com\/index.php?rest_route=\/wp\/v2\/users\/1"}],"replies":[{"embeddable":true,"href":"https:\/\/www.egemtv.com\/index.php?rest_route=%2Fwp%2Fv2%2Fcomments&post=40053"}],"version-history":[{"count":1,"href":"https:\/\/www.egemtv.com\/index.php?rest_route=\/wp\/v2\/posts\/40053\/revisions"}],"predecessor-version":[{"id":40055,"href":"https:\/\/www.egemtv.com\/index.php?rest_route=\/wp\/v2\/posts\/40053\/revisions\/40055"}],"wp:featuredmedia":[{"embeddable":true,"href":"https:\/\/www.egemtv.com\/index.php?rest_route=\/wp\/v2\/media\/40054"}],"wp:attachment":[{"href":"https:\/\/www.egemtv.com\/index.php?rest_route=%2Fwp%2Fv2%2Fmedia&parent=40053"}],"wp:term":[{"taxonomy":"category","embeddable":true,"href":"https:\/\/www.egemtv.com\/index.php?rest_route=%2Fwp%2Fv2%2Fcategories&post=40053"},{"taxonomy":"post_tag","embeddable":true,"href":"https:\/\/www.egemtv.com\/index.php?rest_route=%2Fwp%2Fv2%2Ftags&post=40053"}],"curies":[{"name":"wp","href":"https:\/\/api.w.org\/{rel}","templated":true}]}}