{"id":40050,"date":"2025-07-05T12:15:40","date_gmt":"2025-07-05T09:15:40","guid":{"rendered":"https:\/\/www.egemtv.com\/?p=40050"},"modified":"2025-07-05T12:15:44","modified_gmt":"2025-07-05T09:15:44","slug":"aydinda-ureticilere-12-bin-akdeniz-meyve-sinegi-tuzagi-teslim-edildi","status":"publish","type":"post","link":"https:\/\/www.egemtv.com\/?p=40050","title":{"rendered":"Ayd\u0131n\u2019da \u00fcreticilere 12 bin Akdeniz meyve sine\u011fi tuza\u011f\u0131 teslim edildi"},"content":{"rendered":"<p>Ayd\u0131n genelinde 7 il\u00e7ede toplam 12 bin 500 adet tuzak \u00fcreticilere teslim edildi, zararl\u0131ya kar\u015f\u0131 m\u00fccadele h\u0131z kesmeden s\u00fcr\u00fcyor.<br \/>\n<br \/>Ayd\u0131n\u2019da narenciye \u00fcretimini tehdit eden ve ihracatta s\u0131f\u0131r tolerans uygulanan Akdeniz Meyve Sine\u011fi zararl\u0131s\u0131na kar\u015f\u0131 y\u00fcr\u00fct\u00fclen m\u00fccadele \u00e7al\u0131\u015fmalar\u0131 aral\u0131ks\u0131z s\u00fcr\u00fcyor. 2024 y\u0131l\u0131 T\u00dc\u0130K verilerine g\u00f6re Ayd\u0131n\u2019da toplam 2 bin 353 ton limon, 16 bin 747 ton mandalina, 74 bin 5 ton portakal ve 138 ton greyfurt \u00fcretimi ger\u00e7ekle\u015firken, bu \u00fcr\u00fcnlerin korunmas\u0131 i\u00e7in kapsaml\u0131 bir eylem plan\u0131 uygulan\u0131yor. Akdeniz Meyve Sine\u011fi Ulusal Eylem Plan\u0131 kapsam\u0131nda il genelinde 17 il\u00e7ede 40 istasyonda toplam 80 monit\u00f6r tuzak ile zararl\u0131n\u0131n pop\u00fclasyonu yak\u0131ndan izleniyor. Ayr\u0131ca 5 il\u00e7ede, 14 bah\u00e7ede 28 tuzak ile \u00f6zel izleme \u00e7al\u0131\u015fmalar\u0131 y\u00fcr\u00fct\u00fcl\u00fcyor. \u00c7al\u0131\u015fmalarda 17 ekip ve 38 personel aktif g\u00f6rev al\u0131yor. Ayd\u0131n Valisi Yakup Canbolat\u2019\u0131n destekleriyle Yat\u0131r\u0131m \u0130zleme ve Koordinasyon Ba\u015fkanl\u0131\u011f\u0131 ile \u00fcreticilerin katk\u0131lar\u0131yla y\u00fcr\u00fct\u00fclen Tuzak Al\u0131m Projesi \u00e7er\u00e7evesinde, turun\u00e7gil bah\u00e7elerinin yo\u011fun oldu\u011fu Efeler, \u0130ncirliova, Ku\u015fadas\u0131, Kuyucak, Nazilli, S\u00f6ke ve Sultanhisar il\u00e7elerine toplam 12 bin 500 adet tuzak teslim edildi. Ayr\u0131ca, k\u00fclt\u00fcrel \u00f6nlemler kapsam\u0131nda \u0130l Tar\u0131m ve Orman M\u00fcd\u00fcrl\u00fc\u011f\u00fc b\u00fct\u00e7esinden 13 bin 500 adet siyah naylon torba da \u00fcreticilere ula\u015ft\u0131r\u0131larak zararl\u0131n\u0131n yay\u0131l\u0131m\u0131n\u0131n \u00f6n\u00fcne ge\u00e7ilmesi hedefleniyor.<br \/>\n<br \/>\u0130l Tar\u0131m ve Orman M\u00fcd\u00fcr\u00fc \u0130brahim Alt\u0131nta\u015f, &#8220;Cuma Bulu\u015fmalar\u0131&#8221; \u00e7er\u00e7evesinde Ku\u015fadas\u0131 il\u00e7esi Davutlar Mahallesi\u2019nde d\u00fczenlenen tuzak da\u011f\u0131t\u0131m etkinli\u011fine kat\u0131larak, Ku\u015fadas\u0131 il\u00e7esine teslim edilen 3 bin 500 adet tuza\u011f\u0131n da\u011f\u0131t\u0131m\u0131n\u0131 ger\u00e7ekle\u015ftirdi. Alt\u0131nta\u015f, \u00fcreticilere zararl\u0131yla m\u00fccadelenin \u00f6nemi hakk\u0131nda bilgilendirme yaparak desteklerinden dolay\u0131 Vali Yakup Canbolat\u2019a te\u015fekk\u00fcr etti. \u0130l Tar\u0131m ve Orman M\u00fcd\u00fcrl\u00fc\u011f\u00fc, \u00fcreticilerin yan\u0131nda olmaya ve Ayd\u0131n\u2019\u0131n narenciye \u00fcretimini korumaya kararl\u0131l\u0131kla devam edeceklerini vurgulad\u0131.<br \/><\/p>\n","protected":false},"excerpt":{"rendered":"<p>Ayd\u0131n genelinde 7 il\u00e7ede toplam 12 bin 500 adet tuzak \u00fcreticilere teslim edildi, zararl\u0131ya kar\u015f\u0131 m\u00fccadele h\u0131z kesmeden s\u00fcr\u00fcyor. Ayd\u0131n\u2019da narenciye \u00fcretimini tehdit eden ve ihracatta s\u0131f\u0131r tolerans uygulanan Akdeniz Meyve Sine\u011fi zararl\u0131s\u0131na kar\u015f\u0131 y\u00fcr\u00fct\u00fclen m\u00fccadele \u00e7al\u0131\u015fmalar\u0131 aral\u0131ks\u0131z s\u00fcr\u00fcyor. 2024 y\u0131l\u0131 T\u00dc\u0130K verilerine g\u00f6re Ayd\u0131n\u2019da toplam 2 bin 353 ton limon, 16 bin 747 ton&#8230;<\/p>\n","protected":false},"author":1,"featured_media":40051,"comment_status":"open","ping_status":"open","sticky":false,"template":"","format":"standard","meta":{"_crdt_document":"","footnotes":""},"categories":[1],"tags":[],"class_list":["post-40050","post","type-post","status-publish","format-standard","has-post-thumbnail","hentry","category-guncel"],"_links":{"self":[{"href":"https:\/\/www.egemtv.com\/index.php?rest_route=\/wp\/v2\/posts\/40050","targetHints":{"allow":["GET"]}}],"collection":[{"href":"https:\/\/www.egemtv.com\/index.php?rest_route=\/wp\/v2\/posts"}],"about":[{"href":"https:\/\/www.egemtv.com\/index.php?rest_route=\/wp\/v2\/types\/post"}],"author":[{"embeddable":true,"href":"https:\/\/www.egemtv.com\/index.php?rest_route=\/wp\/v2\/users\/1"}],"replies":[{"embeddable":true,"href":"https:\/\/www.egemtv.com\/index.php?rest_route=%2Fwp%2Fv2%2Fcomments&post=40050"}],"version-history":[{"count":1,"href":"https:\/\/www.egemtv.com\/index.php?rest_route=\/wp\/v2\/posts\/40050\/revisions"}],"predecessor-version":[{"id":40052,"href":"https:\/\/www.egemtv.com\/index.php?rest_route=\/wp\/v2\/posts\/40050\/revisions\/40052"}],"wp:featuredmedia":[{"embeddable":true,"href":"https:\/\/www.egemtv.com\/index.php?rest_route=\/wp\/v2\/media\/40051"}],"wp:attachment":[{"href":"https:\/\/www.egemtv.com\/index.php?rest_route=%2Fwp%2Fv2%2Fmedia&parent=40050"}],"wp:term":[{"taxonomy":"category","embeddable":true,"href":"https:\/\/www.egemtv.com\/index.php?rest_route=%2Fwp%2Fv2%2Fcategories&post=40050"},{"taxonomy":"post_tag","embeddable":true,"href":"https:\/\/www.egemtv.com\/index.php?rest_route=%2Fwp%2Fv2%2Ftags&post=40050"}],"curies":[{"name":"wp","href":"https:\/\/api.w.org\/{rel}","templated":true}]}}