{"id":40047,"date":"2025-07-05T12:15:36","date_gmt":"2025-07-05T09:15:36","guid":{"rendered":"https:\/\/www.egemtv.com\/?p=40047"},"modified":"2025-07-05T12:15:40","modified_gmt":"2025-07-05T09:15:40","slug":"donmamak-icin-oldurdugu-hayvanlarin-derisinden-elbise-yapip-7-ay-ormanda-saklandi","status":"publish","type":"post","link":"https:\/\/www.egemtv.com\/?p=40047","title":{"rendered":"Donmamak i\u00e7in \u00f6ld\u00fcrd\u00fc\u011f\u00fc hayvanlar\u0131n derisinden elbise yap\u0131p 7 ay ormanda sakland\u0131"},"content":{"rendered":"<p>Denizli\u2019de 29 y\u0131ll\u0131k hapis cezas\u0131n\u0131n kesinle\u015fmesinin ard\u0131ndan ormana ka\u00e7an h\u00fck\u00fcml\u00fc, 7 ay farkl\u0131 noktalara \u00e7ad\u0131r kurarak sakland\u0131. Kenevir eken ve h\u0131rs\u0131zl\u0131k yaparak ya\u015fam\u0131n\u0131 s\u00fcrd\u00fcren h\u00fck\u00fcml\u00fcn\u00fcn, k\u0131\u015f\u0131n donmamak i\u00e7in \u00f6ld\u00fcrd\u00fc\u011f\u00fc hayvanlar\u0131n derisinden kendisine elbise yap\u0131p so\u011fuktan korundu\u011fu belirlendi.<\/p>\n<p>Denizli\u2019de 7 ayr\u0131 dosyadan aranan ve hakk\u0131nda 29 y\u0131l 4 ay kesinle\u015fmi\u015f hapis cezas\u0131 bulunan 31 ya\u015f\u0131ndaki Faruk D.\u2019nin Tavas il\u00e7esinde da\u011fl\u0131k ve ormanl\u0131k alanlarda \u00e7ad\u0131r kurarak sakland\u0131\u011f\u0131, yakalanmamak i\u00e7in s\u00fcrekli olarak yer de\u011fi\u015ftirdi\u011fi, saklanm\u0131\u015f oldu\u011fu ormanl\u0131k alanlar\u0131n sarp kesimlerine kenevir ekti\u011fi ve s\u00fcrekli olarak b\u00f6lgede silahla dola\u015ft\u0131\u011f\u0131 belirlendi. Jandarman\u0131n dedektifleri olan Jandarma Su\u00e7 Ara\u015ft\u0131rma Timlerince (JASAT) yap\u0131lan kapsaml\u0131 \u00e7al\u0131\u015fmalar sonucu Faruk D.\u2019nin son sakland\u0131\u011f\u0131 yer tespit edilerek, Tavas \u0130l\u00e7e Jandarma Komutanl\u0131\u011f\u0131 ekipleri ile birlikte m\u00fc\u015fterek operasyon d\u00fczenlendi.<\/p>\n<p>Ka\u00e7madan f\u0131rsat verilmeden yakalanan Faruk D.\u2019nin saklanm\u0131\u015f oldu\u011fu alan\u0131n geni\u015f ormanl\u0131k arazi olmas\u0131 nedeniyle b\u00f6lgede asayi\u015f komandolarca yap\u0131lan aramalarda ormanl\u0131k alan i\u00e7erisinde 1 adet kamp \u00e7ad\u0131r\u0131, \u00e7ad\u0131r i\u00e7erisinde 105 gram esrar, ya\u015fam malzemeleri, 1 adet ruhsats\u0131z av t\u00fcfe\u011fi ve ormanl\u0131k alana \u00f6zel olarak sulama sistemiyle haz\u0131rlanm\u0131\u015f ekili halde kenevir bitkileri ele ge\u00e7irildi.<\/p>\n<p>Hakk\u0131ndaki karar\u0131n Aral\u0131k 2024\u2019te kesinle\u015fmesinin ard\u0131ndan saklanmak amac\u0131yla ormanl\u0131k alana gitti\u011fi, sakland\u0131\u011f\u0131 ormanda k\u0131\u015f aylar\u0131nda so\u011fuktan donmamak i\u00e7in hayvan derisinden kendisine giysi yaparak korunmaya \u00e7al\u0131\u015ft\u0131\u011f\u0131, ekmi\u015f oldu\u011fu kenevirleri yaban hayvanlardan korumak i\u00e7in \u00e7evresine ay\u0131 kapan\u0131 tuza\u011f\u0131 kurdu\u011fu ve yakalanmamak amac\u0131yla d\u00fcrb\u00fcnle \u00e7evresini s\u00fcrekli g\u00f6zetledi\u011fi tespit edildi.<\/p>\n<p>Yakalanan Faruk D.\u2019nin yap\u0131lan GBT sorgusunda 14 ayr\u0131 su\u00e7 kayd\u0131n\u0131n bulundu\u011fu, 15 Nisan 2025 tarihinde b\u00f6lgede bulunan bir ba\u011f evinden h\u0131rs\u0131zl\u0131k yapt\u0131\u011f\u0131 ve k\u00f6t\u00fc hava \u015fartlar\u0131ndan korunmak i\u00e7in ise ara s\u0131ra h\u0131rs\u0131zl\u0131k yapt\u0131\u011f\u0131 ba\u011f evinde sakland\u0131\u011f\u0131 anla\u015f\u0131ld\u0131. Yap\u0131lan bu tespit sonucunda, meydana gelen meydana gelen bir faili me\u00e7hul h\u0131rs\u0131zl\u0131k olay\u0131 da ayd\u0131nlat\u0131lm\u0131\u015f oldu.<\/p>\n<p>\u0130\u015flemlerinin ard\u0131ndan adli makamlara sevk edilen Faruk D., tutuklanarak cezaevine teslim edildi. Olayda ilgili soru\u015fturman\u0131n devam etti\u011fi bildirildi.<br \/><\/p>\n","protected":false},"excerpt":{"rendered":"<p>Denizli\u2019de 29 y\u0131ll\u0131k hapis cezas\u0131n\u0131n kesinle\u015fmesinin ard\u0131ndan ormana ka\u00e7an h\u00fck\u00fcml\u00fc, 7 ay farkl\u0131 noktalara \u00e7ad\u0131r kurarak sakland\u0131. Kenevir eken ve h\u0131rs\u0131zl\u0131k yaparak ya\u015fam\u0131n\u0131 s\u00fcrd\u00fcren h\u00fck\u00fcml\u00fcn\u00fcn, k\u0131\u015f\u0131n donmamak i\u00e7in \u00f6ld\u00fcrd\u00fc\u011f\u00fc hayvanlar\u0131n derisinden kendisine elbise yap\u0131p so\u011fuktan korundu\u011fu belirlendi. Denizli\u2019de 7 ayr\u0131 dosyadan aranan ve hakk\u0131nda 29 y\u0131l 4 ay kesinle\u015fmi\u015f hapis cezas\u0131 bulunan 31 ya\u015f\u0131ndaki Faruk&#8230;<\/p>\n","protected":false},"author":1,"featured_media":40048,"comment_status":"open","ping_status":"open","sticky":false,"template":"","format":"standard","meta":{"_crdt_document":"","footnotes":""},"categories":[5],"tags":[],"class_list":["post-40047","post","type-post","status-publish","format-standard","has-post-thumbnail","hentry","category-asayis"],"_links":{"self":[{"href":"https:\/\/www.egemtv.com\/index.php?rest_route=\/wp\/v2\/posts\/40047","targetHints":{"allow":["GET"]}}],"collection":[{"href":"https:\/\/www.egemtv.com\/index.php?rest_route=\/wp\/v2\/posts"}],"about":[{"href":"https:\/\/www.egemtv.com\/index.php?rest_route=\/wp\/v2\/types\/post"}],"author":[{"embeddable":true,"href":"https:\/\/www.egemtv.com\/index.php?rest_route=\/wp\/v2\/users\/1"}],"replies":[{"embeddable":true,"href":"https:\/\/www.egemtv.com\/index.php?rest_route=%2Fwp%2Fv2%2Fcomments&post=40047"}],"version-history":[{"count":1,"href":"https:\/\/www.egemtv.com\/index.php?rest_route=\/wp\/v2\/posts\/40047\/revisions"}],"predecessor-version":[{"id":40049,"href":"https:\/\/www.egemtv.com\/index.php?rest_route=\/wp\/v2\/posts\/40047\/revisions\/40049"}],"wp:featuredmedia":[{"embeddable":true,"href":"https:\/\/www.egemtv.com\/index.php?rest_route=\/wp\/v2\/media\/40048"}],"wp:attachment":[{"href":"https:\/\/www.egemtv.com\/index.php?rest_route=%2Fwp%2Fv2%2Fmedia&parent=40047"}],"wp:term":[{"taxonomy":"category","embeddable":true,"href":"https:\/\/www.egemtv.com\/index.php?rest_route=%2Fwp%2Fv2%2Fcategories&post=40047"},{"taxonomy":"post_tag","embeddable":true,"href":"https:\/\/www.egemtv.com\/index.php?rest_route=%2Fwp%2Fv2%2Ftags&post=40047"}],"curies":[{"name":"wp","href":"https:\/\/api.w.org\/{rel}","templated":true}]}}