{"id":40044,"date":"2025-07-05T12:15:32","date_gmt":"2025-07-05T09:15:32","guid":{"rendered":"https:\/\/www.egemtv.com\/?p=40044"},"modified":"2025-07-05T12:15:36","modified_gmt":"2025-07-05T09:15:36","slug":"afyonkarahisarda-otomobil-traktor-romorkuna-carpti-3-kisi-yaralandi","status":"publish","type":"post","link":"https:\/\/www.egemtv.com\/?p=40044","title":{"rendered":"Afyonkarahisar\u2019da otomobil trakt\u00f6r r\u00f6morkuna \u00e7arpt\u0131: 3 ki\u015fi yaraland\u0131"},"content":{"rendered":"<p>Afyonkarahisar\u2019\u0131n \u0130hsaniye il\u00e7esine ba\u011fl\u0131 Ak\u00f6ren k\u00f6y\u00fc yak\u0131nlar\u0131nda meydana gelen trafik kazas\u0131nda, otomobilin trakt\u00f6r r\u00f6morkuna \u00e7arpmas\u0131 sonucu 3 ki\u015fi yaraland\u0131. Kazaya ait g\u00fcvenlik kameras\u0131 g\u00f6r\u00fcnt\u00fcleri ortaya \u00e7\u0131kt\u0131. G\u00f6r\u00fcnt\u00fclerde otomobilin r\u00f6morka \u00e7arpma an\u0131 saniye saniye kaydedildi.<br \/>\n<br \/>Edinilen bilgilere g\u00f6re, A.T. (48) idaresindeki 16 SK 877 plakal\u0131 trakt\u00f6re, arkadan gelen M.M.K. (37) y\u00f6netimindeki 03 TC 0006 plakal\u0131 otomobil \u00e7arpt\u0131. \u015eiddetli \u00e7arp\u0131\u015fma sonucu trakt\u00f6r s\u00fcr\u00fcc\u00fcs\u00fc A.T. ile otomobilde yolcu olarak bulunan K.T. (45) ve Y.E.T. (14) yaraland\u0131. \u0130hbar \u00fczerine olay yerine gelen sa\u011fl\u0131k ekipleri, yaral\u0131lara ilk m\u00fcdahaleyi olay yerinde yapt\u0131ktan sonra Afyonkarahisar Devlet Hastanesi\u2019ne sevk etti. Kaza sonras\u0131 jandarma ekipleri b\u00f6lgede g\u00fcvenlik \u00f6nlemleri alarak inceleme ba\u015flatt\u0131. Olayla ilgili soru\u015fturman\u0131n s\u00fcrd\u00fc\u011f\u00fc \u00f6\u011frenildi.<br \/><\/p>\n","protected":false},"excerpt":{"rendered":"<p>Afyonkarahisar\u2019\u0131n \u0130hsaniye il\u00e7esine ba\u011fl\u0131 Ak\u00f6ren k\u00f6y\u00fc yak\u0131nlar\u0131nda meydana gelen trafik kazas\u0131nda, otomobilin trakt\u00f6r r\u00f6morkuna \u00e7arpmas\u0131 sonucu 3 ki\u015fi yaraland\u0131. Kazaya ait g\u00fcvenlik kameras\u0131 g\u00f6r\u00fcnt\u00fcleri ortaya \u00e7\u0131kt\u0131. G\u00f6r\u00fcnt\u00fclerde otomobilin r\u00f6morka \u00e7arpma an\u0131 saniye saniye kaydedildi. Edinilen bilgilere g\u00f6re, A.T. (48) idaresindeki 16 SK 877 plakal\u0131 trakt\u00f6re, arkadan gelen M.M.K. (37) y\u00f6netimindeki 03 TC 0006 plakal\u0131 otomobil&#8230;<\/p>\n","protected":false},"author":1,"featured_media":40045,"comment_status":"open","ping_status":"open","sticky":false,"template":"","format":"standard","meta":{"_crdt_document":"","footnotes":""},"categories":[5],"tags":[],"class_list":["post-40044","post","type-post","status-publish","format-standard","has-post-thumbnail","hentry","category-asayis"],"_links":{"self":[{"href":"https:\/\/www.egemtv.com\/index.php?rest_route=\/wp\/v2\/posts\/40044","targetHints":{"allow":["GET"]}}],"collection":[{"href":"https:\/\/www.egemtv.com\/index.php?rest_route=\/wp\/v2\/posts"}],"about":[{"href":"https:\/\/www.egemtv.com\/index.php?rest_route=\/wp\/v2\/types\/post"}],"author":[{"embeddable":true,"href":"https:\/\/www.egemtv.com\/index.php?rest_route=\/wp\/v2\/users\/1"}],"replies":[{"embeddable":true,"href":"https:\/\/www.egemtv.com\/index.php?rest_route=%2Fwp%2Fv2%2Fcomments&post=40044"}],"version-history":[{"count":1,"href":"https:\/\/www.egemtv.com\/index.php?rest_route=\/wp\/v2\/posts\/40044\/revisions"}],"predecessor-version":[{"id":40046,"href":"https:\/\/www.egemtv.com\/index.php?rest_route=\/wp\/v2\/posts\/40044\/revisions\/40046"}],"wp:featuredmedia":[{"embeddable":true,"href":"https:\/\/www.egemtv.com\/index.php?rest_route=\/wp\/v2\/media\/40045"}],"wp:attachment":[{"href":"https:\/\/www.egemtv.com\/index.php?rest_route=%2Fwp%2Fv2%2Fmedia&parent=40044"}],"wp:term":[{"taxonomy":"category","embeddable":true,"href":"https:\/\/www.egemtv.com\/index.php?rest_route=%2Fwp%2Fv2%2Fcategories&post=40044"},{"taxonomy":"post_tag","embeddable":true,"href":"https:\/\/www.egemtv.com\/index.php?rest_route=%2Fwp%2Fv2%2Ftags&post=40044"}],"curies":[{"name":"wp","href":"https:\/\/api.w.org\/{rel}","templated":true}]}}