{"id":40041,"date":"2025-07-05T11:55:49","date_gmt":"2025-07-05T08:55:49","guid":{"rendered":"https:\/\/www.egemtv.com\/?p=40041"},"modified":"2025-07-05T11:55:52","modified_gmt":"2025-07-05T08:55:52","slug":"cadde-ortasinda-drift-atan-surucuye-46-bin-tl-ceza","status":"publish","type":"post","link":"https:\/\/www.egemtv.com\/?p=40041","title":{"rendered":"Cadde ortas\u0131nda drift atan s\u00fcr\u00fcc\u00fcye 46 bin TL ceza"},"content":{"rendered":"<p>Burdur\u2019da l\u00fcks otomobiliyle cadde ortas\u0131nda drift yaparak trafik g\u00fcvenli\u011fini tehlikeye atan s\u00fcr\u00fcc\u00fcye 46 bin 392 TL para cezas\u0131 uygulan\u0131rken, s\u00fcr\u00fcc\u00fcn\u00fcn ehliyeti iptal edildi, arac\u0131 ise 60 g\u00fcn s\u00fcreyle trafikten men edildi.<br \/>\n<br \/>Olay, Burdur merkez Arma\u011fan \u0130lci Mahallesi C\u0131vlaz Sokak\u2019ta meydana geldi. Edinilen bilgiye g\u00f6re, d\u00fc\u011f\u00fcn konvoyunda BMW marka otomobille drift atan bir s\u00fcr\u00fcc\u00fcn\u00fcn g\u00f6r\u00fcnt\u00fclerinin sosyal medyada payla\u015f\u0131lmas\u0131 \u00fczerine Burdur \u0130l Emniyet M\u00fcd\u00fcrl\u00fc\u011f\u00fc Trafik \u015eube Amirli\u011fi ekipleri harekete ge\u00e7ti.<br \/>\n<br \/>Yap\u0131lan incelemelerde drift atan s\u00fcr\u00fcc\u00fcn\u00fcn H.\u00c7. oldu\u011fu tespit edildi. H.\u00c7.\u2019ye, 2918 say\u0131l\u0131 Karayollar\u0131 Trafik Kanunu\u2019nun ilgili maddeleri gere\u011fince 46 bin 392 TL idari para cezas\u0131 uyguland\u0131. Ayr\u0131ca s\u00fcr\u00fcc\u00fcn\u00fcn ehliyeti daimi olarak iptal edilirken, BMW marka otomobil de 60 g\u00fcn s\u00fcreyle trafikten men edildi.<br \/>\n<br \/>\u00d6te yandan H.\u00c7. hakk\u0131nda &#8220;trafik g\u00fcvenli\u011fini tehlikeye sokmak&#8221; su\u00e7undan adli i\u015flem ba\u015flat\u0131ld\u0131\u011f\u0131 \u00f6\u011frenildi.<br \/><\/p>\n","protected":false},"excerpt":{"rendered":"<p>Burdur\u2019da l\u00fcks otomobiliyle cadde ortas\u0131nda drift yaparak trafik g\u00fcvenli\u011fini tehlikeye atan s\u00fcr\u00fcc\u00fcye 46 bin 392 TL para cezas\u0131 uygulan\u0131rken, s\u00fcr\u00fcc\u00fcn\u00fcn ehliyeti iptal edildi, arac\u0131 ise 60 g\u00fcn s\u00fcreyle trafikten men edildi. Olay, Burdur merkez Arma\u011fan \u0130lci Mahallesi C\u0131vlaz Sokak\u2019ta meydana geldi. Edinilen bilgiye g\u00f6re, d\u00fc\u011f\u00fcn konvoyunda BMW marka otomobille drift atan bir s\u00fcr\u00fcc\u00fcn\u00fcn g\u00f6r\u00fcnt\u00fclerinin sosyal&#8230;<\/p>\n","protected":false},"author":1,"featured_media":40042,"comment_status":"open","ping_status":"open","sticky":false,"template":"","format":"standard","meta":{"_crdt_document":"","footnotes":""},"categories":[5],"tags":[],"class_list":["post-40041","post","type-post","status-publish","format-standard","has-post-thumbnail","hentry","category-asayis"],"_links":{"self":[{"href":"https:\/\/www.egemtv.com\/index.php?rest_route=\/wp\/v2\/posts\/40041","targetHints":{"allow":["GET"]}}],"collection":[{"href":"https:\/\/www.egemtv.com\/index.php?rest_route=\/wp\/v2\/posts"}],"about":[{"href":"https:\/\/www.egemtv.com\/index.php?rest_route=\/wp\/v2\/types\/post"}],"author":[{"embeddable":true,"href":"https:\/\/www.egemtv.com\/index.php?rest_route=\/wp\/v2\/users\/1"}],"replies":[{"embeddable":true,"href":"https:\/\/www.egemtv.com\/index.php?rest_route=%2Fwp%2Fv2%2Fcomments&post=40041"}],"version-history":[{"count":1,"href":"https:\/\/www.egemtv.com\/index.php?rest_route=\/wp\/v2\/posts\/40041\/revisions"}],"predecessor-version":[{"id":40043,"href":"https:\/\/www.egemtv.com\/index.php?rest_route=\/wp\/v2\/posts\/40041\/revisions\/40043"}],"wp:featuredmedia":[{"embeddable":true,"href":"https:\/\/www.egemtv.com\/index.php?rest_route=\/wp\/v2\/media\/40042"}],"wp:attachment":[{"href":"https:\/\/www.egemtv.com\/index.php?rest_route=%2Fwp%2Fv2%2Fmedia&parent=40041"}],"wp:term":[{"taxonomy":"category","embeddable":true,"href":"https:\/\/www.egemtv.com\/index.php?rest_route=%2Fwp%2Fv2%2Fcategories&post=40041"},{"taxonomy":"post_tag","embeddable":true,"href":"https:\/\/www.egemtv.com\/index.php?rest_route=%2Fwp%2Fv2%2Ftags&post=40041"}],"curies":[{"name":"wp","href":"https:\/\/api.w.org\/{rel}","templated":true}]}}