{"id":40038,"date":"2025-07-05T11:15:53","date_gmt":"2025-07-05T08:15:53","guid":{"rendered":"https:\/\/www.egemtv.com\/?p=40038"},"modified":"2025-07-05T11:15:57","modified_gmt":"2025-07-05T08:15:57","slug":"domanicte-sultan-alaaddin-camisinin-temeli-duzenlenen-torenle-atildi","status":"publish","type":"post","link":"https:\/\/www.egemtv.com\/?p=40038","title":{"rendered":"Domani\u00e7\u2019te Sultan Alaaddin Camisi\u2019nin temeli d\u00fczenlenen t\u00f6renle at\u0131ld\u0131"},"content":{"rendered":"<p>K\u00fctahya\u2019n\u0131n Domani\u00e7 il\u00e7esinde 1837 y\u0131l\u0131nda in\u015fa edilen ve zamanla y\u0131prand\u0131\u011f\u0131 i\u00e7in yeniden yap\u0131m karar\u0131 al\u0131nan Sultan Alaaddin Camisi\u2019nin temeli, d\u00fczenlenen t\u00f6renle at\u0131ld\u0131.<br \/>\n<br \/>Hisar Mahallesi\u2019nde ger\u00e7ekle\u015ftirilen temel atma t\u00f6reninde, yeni caminin 859 metrekarelik betonarme \u00e7elik \u00e7at\u0131l\u0131 bir yap\u0131 olarak in\u015fa edilece\u011fi ve \u00e7evre d\u00fczenlemesiyle birlikte toplam 1135 metrekarelik bir alan\u0131 kapsayaca\u011f\u0131 belirtildi. Yap\u0131n\u0131n i\u00e7inde ayr\u0131ca 144 metrekarelik abdesthane ve tuvalet kompleksi de yer alacak.<br \/>\n<br \/>Osmanl\u0131 d\u00f6nemine ait k\u00f6kl\u00fc bir ge\u00e7mi\u015fe sahip olan Sultan Alaaddin Camisi, ilk olarak 1837 y\u0131l\u0131nda Sultan Alaaddin Vakf\u0131 taraf\u0131ndan yapt\u0131r\u0131lm\u0131\u015ft\u0131. 1926 y\u0131l\u0131nda \u00e7\u0131kan yang\u0131nla kullan\u0131lamaz hale gelen cami, sonras\u0131nda ah\u015fap olarak yeniden in\u015fa edilmi\u015f, 1972 y\u0131l\u0131nda ise tekrar yenilenmi\u015fti. Ancak zamanla y\u0131pranan yap\u0131 i\u00e7in yeniden yap\u0131m karar\u0131 al\u0131nd\u0131.<br \/>\n<br \/>T\u00f6ren, \u0130stiklal Mar\u015f\u0131 ve sayg\u0131 duru\u015funun ard\u0131ndan Kur\u2019an-\u0131 Kerim tilavetiyle ba\u015flad\u0131. \u0130l\u00e7e M\u00fcft\u00fcs\u00fc Fatih Ero\u011flu, caminin mimari \u00f6zellikleri hakk\u0131nda bilgi verirken, Domani\u00e7 Camileri ve Kur\u2019an Kurslar\u0131 Yapt\u0131rma ve Ya\u015fatma Derne\u011fi Ba\u015fkan\u0131 S\u00fcleyman \u015eeker, projeye katk\u0131 sunan kurum ve ki\u015filere te\u015fekk\u00fcr etti.<br \/>\n<br \/>AK Parti K\u00fctahya Milletvekili Mehmet Demir t\u00f6rende yapt\u0131\u011f\u0131 konu\u015fmada, camilerin sadece ibadet yeri olmad\u0131\u011f\u0131n\u0131, ayn\u0131 zamanda inan\u00e7 ve de\u011ferlere verilen \u00f6nemin bir simgesi oldu\u011funu vurgulad\u0131. Demir, &#8220;Bu cami, bu \u015fehre vurulmu\u015f bir m\u00fch\u00fcrd\u00fcr. Bu topraklar Osmanl\u0131\u2019n\u0131n kurulu\u015funa tan\u0131kl\u0131k etmi\u015f m\u00fcbarek topraklard\u0131r&#8221; dedi.<br \/>\n<br \/>K\u00fctahya Valisi Musa I\u015f\u0131n ise camilerin toplumsal haf\u0131zada birer &#8220;tapu senedi&#8221; oldu\u011funa dikkat \u00e7ekerek, Domani\u00e7\u2019in tarihi ve manevi \u00f6nemine de\u011findi. Caminin finansman\u0131n\u0131n \u0130l \u00d6zel \u0130daresi taraf\u0131ndan kar\u015f\u0131land\u0131\u011f\u0131n\u0131 belirten Vali I\u015f\u0131n, hay\u0131rseverlerin de s\u00fcrece \u00f6nemli katk\u0131 sundu\u011funu s\u00f6yledi.<br \/>\n<br \/>Vali I\u015f\u0131n ayr\u0131ca Dernek Ba\u015fkan\u0131 S\u00fcleyman \u015eeker\u2019e esprili bir dille te\u015fekk\u00fcr ederek, &#8220;Her geli\u015fimizde yakam\u0131za yap\u0131\u015ft\u0131. Al sana cami, m\u00fcbarek olsun!&#8221; ifadelerini kulland\u0131.<br \/>\n<br \/>Yeni caminin 2025 y\u0131l\u0131 bitmeden tamamlanmas\u0131 ve a\u00e7\u0131l\u0131\u015f\u0131n\u0131n bir Cuma g\u00fcn\u00fc yap\u0131lmas\u0131 hedefleniyor.<br \/><\/p>\n","protected":false},"excerpt":{"rendered":"<p>K\u00fctahya\u2019n\u0131n Domani\u00e7 il\u00e7esinde 1837 y\u0131l\u0131nda in\u015fa edilen ve zamanla y\u0131prand\u0131\u011f\u0131 i\u00e7in yeniden yap\u0131m karar\u0131 al\u0131nan Sultan Alaaddin Camisi\u2019nin temeli, d\u00fczenlenen t\u00f6renle at\u0131ld\u0131. Hisar Mahallesi\u2019nde ger\u00e7ekle\u015ftirilen temel atma t\u00f6reninde, yeni caminin 859 metrekarelik betonarme \u00e7elik \u00e7at\u0131l\u0131 bir yap\u0131 olarak in\u015fa edilece\u011fi ve \u00e7evre d\u00fczenlemesiyle birlikte toplam 1135 metrekarelik bir alan\u0131 kapsayaca\u011f\u0131 belirtildi. Yap\u0131n\u0131n i\u00e7inde ayr\u0131ca 144&#8230;<\/p>\n","protected":false},"author":1,"featured_media":40039,"comment_status":"open","ping_status":"open","sticky":false,"template":"","format":"standard","meta":{"_crdt_document":"","footnotes":""},"categories":[123],"tags":[],"class_list":["post-40038","post","type-post","status-publish","format-standard","has-post-thumbnail","hentry","category-gundem"],"_links":{"self":[{"href":"https:\/\/www.egemtv.com\/index.php?rest_route=\/wp\/v2\/posts\/40038","targetHints":{"allow":["GET"]}}],"collection":[{"href":"https:\/\/www.egemtv.com\/index.php?rest_route=\/wp\/v2\/posts"}],"about":[{"href":"https:\/\/www.egemtv.com\/index.php?rest_route=\/wp\/v2\/types\/post"}],"author":[{"embeddable":true,"href":"https:\/\/www.egemtv.com\/index.php?rest_route=\/wp\/v2\/users\/1"}],"replies":[{"embeddable":true,"href":"https:\/\/www.egemtv.com\/index.php?rest_route=%2Fwp%2Fv2%2Fcomments&post=40038"}],"version-history":[{"count":1,"href":"https:\/\/www.egemtv.com\/index.php?rest_route=\/wp\/v2\/posts\/40038\/revisions"}],"predecessor-version":[{"id":40040,"href":"https:\/\/www.egemtv.com\/index.php?rest_route=\/wp\/v2\/posts\/40038\/revisions\/40040"}],"wp:featuredmedia":[{"embeddable":true,"href":"https:\/\/www.egemtv.com\/index.php?rest_route=\/wp\/v2\/media\/40039"}],"wp:attachment":[{"href":"https:\/\/www.egemtv.com\/index.php?rest_route=%2Fwp%2Fv2%2Fmedia&parent=40038"}],"wp:term":[{"taxonomy":"category","embeddable":true,"href":"https:\/\/www.egemtv.com\/index.php?rest_route=%2Fwp%2Fv2%2Fcategories&post=40038"},{"taxonomy":"post_tag","embeddable":true,"href":"https:\/\/www.egemtv.com\/index.php?rest_route=%2Fwp%2Fv2%2Ftags&post=40038"}],"curies":[{"name":"wp","href":"https:\/\/api.w.org\/{rel}","templated":true}]}}