{"id":40035,"date":"2025-07-05T11:15:49","date_gmt":"2025-07-05T08:15:49","guid":{"rendered":"https:\/\/www.egemtv.com\/?p=40035"},"modified":"2025-07-05T11:15:53","modified_gmt":"2025-07-05T08:15:53","slug":"kutahyada-motosiklet-denetimleri-siklastirildi","status":"publish","type":"post","link":"https:\/\/www.egemtv.com\/?p=40035","title":{"rendered":"K\u00fctahya\u2019da motosiklet denetimleri s\u0131kla\u015ft\u0131r\u0131ld\u0131"},"content":{"rendered":"<p>K\u00fctahya Belediyesi Zab\u0131ta M\u00fcd\u00fcrl\u00fc\u011f\u00fc ekipleri, trafi\u011fe kapal\u0131 olan Cumhuriyet Caddesi\u2019nde motosiklet ve motorlu ara\u00e7lara y\u00f6nelik denetimlerini art\u0131rd\u0131. Vatanda\u015flar\u0131n huzur ve g\u00fcven i\u00e7inde al\u0131\u015fveri\u015f yapabilmeleri ve caddeyi rahatl\u0131kla kullanabilmeleri amac\u0131yla ger\u00e7ekle\u015ftirilen kontrollerde, kurallara uymayan s\u00fcr\u00fcc\u00fclere uyar\u0131larda bulunuldu ve cezai i\u015flemler uyguland\u0131.<br \/>\n<br \/>Zab\u0131ta ekipleri, \u00f6zellikle yaya g\u00fcvenli\u011fini tehdit eden motosiklet giri\u015flerini \u00f6nlemek i\u00e7in cadde genelinde kapsaml\u0131 bir denetim ger\u00e7ekle\u015ftirdi. Kamu d\u00fczenini sa\u011flamak amac\u0131yla y\u00fcr\u00fct\u00fclen bu denetimlerin belirli periyotlarla devam edece\u011fi bildirildi.<br \/>\n<br \/>K\u00fctahya Belediyesi, vatanda\u015flar\u0131n g\u00fcvenli\u011fini esas alan \u00e7al\u0131\u015fmalar\u0131n\u0131 kararl\u0131l\u0131kla s\u00fcrd\u00fcrece\u011fini vurgulad\u0131.<br \/><\/p>\n","protected":false},"excerpt":{"rendered":"<p>K\u00fctahya Belediyesi Zab\u0131ta M\u00fcd\u00fcrl\u00fc\u011f\u00fc ekipleri, trafi\u011fe kapal\u0131 olan Cumhuriyet Caddesi\u2019nde motosiklet ve motorlu ara\u00e7lara y\u00f6nelik denetimlerini art\u0131rd\u0131. Vatanda\u015flar\u0131n huzur ve g\u00fcven i\u00e7inde al\u0131\u015fveri\u015f yapabilmeleri ve caddeyi rahatl\u0131kla kullanabilmeleri amac\u0131yla ger\u00e7ekle\u015ftirilen kontrollerde, kurallara uymayan s\u00fcr\u00fcc\u00fclere uyar\u0131larda bulunuldu ve cezai i\u015flemler uyguland\u0131. Zab\u0131ta ekipleri, \u00f6zellikle yaya g\u00fcvenli\u011fini tehdit eden motosiklet giri\u015flerini \u00f6nlemek i\u00e7in cadde genelinde kapsaml\u0131 bir&#8230;<\/p>\n","protected":false},"author":1,"featured_media":40036,"comment_status":"open","ping_status":"open","sticky":false,"template":"","format":"standard","meta":{"_crdt_document":"","footnotes":""},"categories":[5],"tags":[],"class_list":["post-40035","post","type-post","status-publish","format-standard","has-post-thumbnail","hentry","category-asayis"],"_links":{"self":[{"href":"https:\/\/www.egemtv.com\/index.php?rest_route=\/wp\/v2\/posts\/40035","targetHints":{"allow":["GET"]}}],"collection":[{"href":"https:\/\/www.egemtv.com\/index.php?rest_route=\/wp\/v2\/posts"}],"about":[{"href":"https:\/\/www.egemtv.com\/index.php?rest_route=\/wp\/v2\/types\/post"}],"author":[{"embeddable":true,"href":"https:\/\/www.egemtv.com\/index.php?rest_route=\/wp\/v2\/users\/1"}],"replies":[{"embeddable":true,"href":"https:\/\/www.egemtv.com\/index.php?rest_route=%2Fwp%2Fv2%2Fcomments&post=40035"}],"version-history":[{"count":1,"href":"https:\/\/www.egemtv.com\/index.php?rest_route=\/wp\/v2\/posts\/40035\/revisions"}],"predecessor-version":[{"id":40037,"href":"https:\/\/www.egemtv.com\/index.php?rest_route=\/wp\/v2\/posts\/40035\/revisions\/40037"}],"wp:featuredmedia":[{"embeddable":true,"href":"https:\/\/www.egemtv.com\/index.php?rest_route=\/wp\/v2\/media\/40036"}],"wp:attachment":[{"href":"https:\/\/www.egemtv.com\/index.php?rest_route=%2Fwp%2Fv2%2Fmedia&parent=40035"}],"wp:term":[{"taxonomy":"category","embeddable":true,"href":"https:\/\/www.egemtv.com\/index.php?rest_route=%2Fwp%2Fv2%2Fcategories&post=40035"},{"taxonomy":"post_tag","embeddable":true,"href":"https:\/\/www.egemtv.com\/index.php?rest_route=%2Fwp%2Fv2%2Ftags&post=40035"}],"curies":[{"name":"wp","href":"https:\/\/api.w.org\/{rel}","templated":true}]}}