{"id":40032,"date":"2025-07-05T11:15:45","date_gmt":"2025-07-05T08:15:45","guid":{"rendered":"https:\/\/www.egemtv.com\/?p=40032"},"modified":"2025-07-05T11:15:49","modified_gmt":"2025-07-05T08:15:49","slug":"denizden-gelen-kadin-sergisi-marmaris-kalesinde-acildi","status":"publish","type":"post","link":"https:\/\/www.egemtv.com\/?p=40032","title":{"rendered":"Denizden Gelen Kad\u0131n sergisi Marmaris Kalesi\u2019nde a\u00e7\u0131ld\u0131"},"content":{"rendered":"<p>Cumhuriyetin 102. y\u0131l\u0131na \u00f6zel haz\u0131rlanan sergi Mu\u011fla\u2019n\u0131n Marmaris il\u00e7esindeki Marmaris Kalesi\u2019nde a\u00e7\u0131ld\u0131. 2 bin 500 y\u0131ll\u0131k &#8220;Denizden Gelen Kad\u0131n&#8221; heykelinin ilk kez sergilendi\u011fi Marmaris\u2019te, sergiye heykeli bulan bal\u0131k\u00e7\u0131 da kat\u0131ld\u0131.<\/p>\n<p>Cumhuriyetin 102. y\u0131l\u0131 an\u0131s\u0131na K\u00fclt\u00fcr ve Turizm Bakanl\u0131\u011f\u0131 taraf\u0131ndan y\u00fcr\u00fct\u00fclen &#8220;102 Y\u0131lda 102 Sergi, Cumhuriyet\u2019in I\u015f\u0131\u011f\u0131nda Anadolu\u2019nun K\u00fclt\u00fcrel Miras\u0131na Yolculuk&#8221; projesi kapsam\u0131nda Marmaris\u2019te anlaml\u0131 bir etkinlik d\u00fczenlendi. Marmaris M\u00fcze M\u00fcd\u00fcrl\u00fc\u011f\u00fc taraf\u0131ndan haz\u0131rlanan, Marmaris Ticaret Odas\u0131\u2019n\u0131n katk\u0131lar\u0131yla hayata ge\u00e7irilen &#8220;Denizden Gelen Kad\u0131n&#8221; ba\u015fl\u0131kl\u0131 sergi, Marmaris Kalesi\u2019nde ziyarete a\u00e7\u0131ld\u0131. Sergide en dikkat \u00e7eken eser ise 2020 y\u0131l\u0131nda Bozburun a\u00e7\u0131klar\u0131nda bal\u0131k\u00e7\u0131lar taraf\u0131ndan bulunan ismine \u2019Leyla\u2019 dedikleri ve yakla\u015f\u0131k 2 bin 500 y\u0131ll\u0131k oldu\u011fu de\u011ferlendirilen kad\u0131n heykeli oldu. Heykel, ilk kez kamuoyunun kar\u015f\u0131s\u0131na \u00e7\u0131kar\u0131l\u0131rken, heykeli bulan ve yetkililere teslim eden Bodrumlu bal\u0131k\u00e7\u0131 Hasan \u00d6nal da a\u00e7\u0131l\u0131\u015fa kat\u0131ld\u0131. \u00d6nal\u2019a duyarl\u0131l\u0131\u011f\u0131 dolay\u0131s\u0131yla te\u015fekk\u00fcr plaketi takdim edildi.<\/p>\n<p>&#8220;Bu heykel Marmaris\u2019in k\u00fclt\u00fcrel belle\u011fine kaz\u0131nd\u0131&#8221;<br \/>\n<br \/>Serginin a\u00e7\u0131l\u0131\u015f\u0131nda konu\u015fan Marmaris Ticaret Odas\u0131 Ba\u015fkan\u0131 Mutlu Ayhan, \u00e7ocuklu\u011funun ge\u00e7ti\u011fi Marmaris Kalesi\u2019nde bu anlaml\u0131 etkinli\u011fe ev sahipli\u011fi yapman\u0131n kendisi i\u00e7in ayr\u0131 bir gurur kayna\u011f\u0131 oldu\u011funu belirtti. Konu\u015fmas\u0131nda heykelin sembolik anlam\u0131na dikkat \u00e7eken Ayhan, &#8220;Bug\u00fcn yaln\u0131zca bir sergi de\u011fil, Marmaris\u2019in k\u00fclt\u00fcrel haf\u0131zas\u0131na sahip \u00e7\u0131kman\u0131n yeni bir ad\u0131m\u0131n\u0131 at\u0131yoruz. Bu heykel yaln\u0131zca bir arkeolojik bulgu de\u011fil, ayn\u0131 zamanda Marmaris\u2019in haf\u0131zas\u0131, denizle kurdu\u011fu kadim ba\u011f\u0131n sessiz tan\u0131\u011f\u0131d\u0131r&#8221; dedi.<\/p>\n<p>Heykeli 2020 y\u0131l\u0131nda Bozburun a\u00e7\u0131klar\u0131nda bal\u0131k\u00e7\u0131 a\u011f\u0131na tak\u0131ld\u0131\u011f\u0131nda hi\u00e7 teredd\u00fct etmeden devlete teslim eden Bodrumlu bal\u0131k\u00e7\u0131 Hasan \u00d6nal\u2019a da te\u015fekk\u00fcr eden Ayhan, &#8220;Hasan \u00d6nal, g\u00f6sterdi\u011fi duyarl\u0131l\u0131k ve \u00f6rnek vatanda\u015fl\u0131kla bu \u00f6nemli k\u00fclt\u00fcr varl\u0131\u011f\u0131n\u0131n kamuya kazand\u0131r\u0131lmas\u0131na vesile oldu. Kendisine t\u00fcm Marmaris ad\u0131na te\u015fekk\u00fcr ediyorum&#8221; ifadelerini kulland\u0131.<\/p>\n<p>Mutlu Ayhan konu\u015fmas\u0131nda, Marmaris Ticaret Odas\u0131\u2019n\u0131n k\u00fclt\u00fcrel mirasa verdi\u011fi \u00f6nemi de vurgulayarak, &#8220;Yaln\u0131zca ge\u00e7mi\u015fi korumakla kalm\u0131yoruz, gelece\u011fe de yat\u0131r\u0131m yap\u0131yoruz. Phoenix Antik Kenti\u2019nden Amos ve Kedreai kaz\u0131lar\u0131na, Ser\u00e7e Liman\u0131\u2019ndaki bat\u0131klardan Ye\u015filbelde kaya mezar\u0131na kadar bir\u00e7ok projeye destek veriyoruz&#8221; dedi. Ayr\u0131ca, Bodrum Sualt\u0131 Arkeoloji M\u00fczesi\u2019nde sergilenen cam bat\u0131\u011f\u0131n birebir kopyas\u0131n\u0131n Marmaris K\u00f6rfezi\u2019ne bat\u0131r\u0131lmas\u0131 i\u00e7in ba\u015fvurular\u0131n yap\u0131ld\u0131\u011f\u0131n\u0131 ve s\u00fcrecin sonuna gelindi\u011fini de a\u00e7\u0131klad\u0131.<\/p>\n<p>Sergideki 93 eser ilk kez sergilendi<br \/>\n<br \/>Sergiyle ilgili bilgi veren Marmaris M\u00fcze M\u00fcd\u00fcr\u00fc \u015eehime Atabey, sergide kad\u0131na \u00f6zg\u00fc 95 eserin yer ald\u0131\u011f\u0131n\u0131 ve bunlardan 93\u2019\u00fcn\u00fcn ilk kez sergilendi\u011fini belirtti. Atabey, Marmaris Kalesi i\u00e7indeki komutan odas\u0131n\u0131n, Marmaris Ticaret Odas\u0131 deste\u011fiyle d\u00fczenlenerek sergi salonuna d\u00f6n\u00fc\u015ft\u00fcr\u00fcld\u00fc\u011f\u00fcn\u00fc, bu alanla birlikte m\u00fczedeki salon say\u0131s\u0131n\u0131n 5\u2019e y\u00fckseldi\u011fini s\u00f6yledi. Atabey ayr\u0131ca, m\u00fczenin ziyaret\u00e7i say\u0131s\u0131nda b\u00fcy\u00fck art\u0131\u015f ya\u015fand\u0131\u011f\u0131n\u0131, 2024 sonunda ziyaret\u00e7i say\u0131s\u0131n\u0131n 155 bini a\u015ft\u0131\u011f\u0131n\u0131 ifade etti.<\/p>\n<p>&#8220;56. sergimizi a\u00e7man\u0131n gururunu ya\u015f\u0131yoruz&#8221;<br \/>\n<br \/>K\u00fclt\u00fcr Varl\u0131klar\u0131 ve M\u00fczeler Genel M\u00fcd\u00fcrl\u00fc\u011f\u00fc Emlak Dairesi Ba\u015fkan\u0131 F\u00fcgen Karaman; &#8220;Y\u00fcz \u0130ki S\u00fcreli M\u00fcze Sergileri Projesi\u2019nin 56. sergisinde bir araday\u0131z. Proje, K\u00fclt\u00fcr Varl\u0131klar\u0131 ve M\u00fczeler Genel M\u00fcd\u00fcrl\u00fc\u011f\u00fc taraf\u0131ndan haz\u0131rlanm\u0131\u015f ve 19 \u015eubat 2025\u2019te bakan\u0131m\u0131z taraf\u0131ndan tan\u0131t\u0131lm\u0131\u015ft\u0131r. Bug\u00fcne kadar 30 farkl\u0131 ilde, 11\u2019i \u00f6zel m\u00fczelerde olmak \u00fczere toplam 55 sergi a\u00e7\u0131ld\u0131. Bu sergilerle Anadolu\u2019nun k\u00fclt\u00fcrel miras\u0131, geleneksel ve \u00e7a\u011fda\u015f unsurlarla harmanlanarak ziyaret\u00e7ilere sunuldu. Amac\u0131m\u0131z, Cumhuriyetimizin 102. y\u0131l\u0131nda bu k\u00fclt\u00fcrel miras\u0131 gelecek nesillere tan\u0131tmak ve onlar\u0131 ge\u00e7mi\u015fleriyle bulu\u015fturmakt\u0131r. Bug\u00fcn Marmaris M\u00fczesi\u2019nde a\u00e7\u0131lan \u2019Denizden Gelen Kad\u0131n\u2019 sergisi bu projenin \u00f6nemli bir aya\u011f\u0131n\u0131 olu\u015fturuyor. Sergide 95 eser yer al\u0131yor, 93\u2019\u00fc ilk kez sergileniyor. Sergiye ad\u0131n\u0131 veren \u2019Leyla\u2019 adl\u0131 kad\u0131n heykeli, 17 Kas\u0131m 2020\u2019de Azimililer isimli bal\u0131k\u00e7\u0131 teknesi taraf\u0131ndan Hisar\u00f6n\u00fc K\u00f6rfezi\u2019nde bulunmu\u015f, m\u00fczemize kazand\u0131r\u0131lm\u0131\u015ft\u0131r. Heykel laboratuvar\u0131m\u0131zda restore edilerek sergiye haz\u0131r hale getirilmi\u015ftir. Eme\u011fi ge\u00e7en t\u00fcm kurum \u00e7al\u0131\u015fanlar\u0131na, m\u00fcze m\u00fcd\u00fcrl\u00fc\u011f\u00fcm\u00fcze ve laboratuvar ekibine te\u015fekk\u00fcr ederim&#8221; dedi.<\/p>\n<p>&#8220;Kaz\u0131lardaki geli\u015fmeleri heyecanla takip ediyoruz&#8221;<br \/>\n<br \/>Marmaris\u2019in antik kentleri ve tarihi birikimiyle k\u00fclt\u00fcrel miras\u0131n \u00f6nemli bir ta\u015f\u0131y\u0131c\u0131s\u0131 oldu\u011funu ifade eden Marmaris Kaymakam\u0131 Nurullah Kaya; &#8220;Bizler, turizmin t\u00fcm alanlar\u0131nda iddial\u0131 bir \u015fekilde T\u00fcrk turizmine ve d\u00fcnya insanl\u0131\u011f\u0131na katk\u0131 sunmaya devam ediyoruz. K\u00fclt\u00fcr ve Turizm Bakanl\u0131\u011f\u0131 olarak k\u00fclt\u00fcr alan\u0131nda da \u00f6nemli icraatlar\u0131m\u0131z\u0131 bu ortamda sergileme imkan\u0131 buldu\u011fumuz i\u00e7in memnuniyetimi belirtmek isterim. Marmaris sadece do\u011fas\u0131yla de\u011fil, k\u00fclt\u00fcrel miras\u0131yla da ge\u00e7mi\u015ften gelece\u011fe de\u011fer ta\u015f\u0131yan bir \u015fehir. Marmaris M\u00fczesi d\u00f6rt salonuyla Dat\u00e7a\u2019dan Ula\u2019ya kadar b\u00f6lgedeki eserleri koruma ve sunma g\u00f6revini s\u00fcrd\u00fcr\u00fcyor, bug\u00fcn be\u015finci salon da bu katk\u0131y\u0131 g\u00fc\u00e7lendirecek. Kastabos, Amos, Kedrai ve Feniks gibi kaz\u0131lardaki geli\u015fmeleri heyecanla takip ediyoruz. Ticaret odam\u0131z\u0131n k\u00fclt\u00fcrel miras\u0131n korunmas\u0131nda g\u00f6sterdi\u011fi duyarl\u0131l\u0131k ve katk\u0131lar\u0131ndan dolay\u0131 te\u015fekk\u00fcr ediyoruz. \u00d6zellikle bu yeni salonun yap\u0131m\u0131nda odan\u0131n ciddi katk\u0131s\u0131 oldu. Ayr\u0131ca Marmaris\u2019te bat\u0131k eser projeleriyle ilgili yap\u0131lan \u00e7al\u0131\u015fmalar\u0131 da memnuniyetle takip ediyoruz ve destekliyoruz. Bu yeni eserlerin il\u00e7emize ve gen\u00e7li\u011fimize katk\u0131 sunaca\u011f\u0131n\u0131 \u00fcmit ediyoruz. 2025 turizm sezonunda ve Cumhuriyetimizin 102. y\u0131l\u0131nda b\u00f6yle bir atmosferde sizlerle olmaktan mutluyum&#8221; dedi.<\/p>\n<p>&#8220;\u00c7ok gururluyum&#8221;<br \/>\n<br \/>Bodrumlu Bal\u0131k\u00e7\u0131 Hasan \u00dcnal, Azimililer teknesi ile Bodrum\u2019dan gelip Bozburun a\u00e7\u0131klar\u0131nda avland\u0131\u011f\u0131 s\u0131rada 2 bin 500 y\u0131ll\u0131k heykeli buldu\u011fu andaki duygular\u0131n\u0131 &#8220;Sabah Bozburun\u2019da a\u011f\u0131m\u0131z\u0131 \u00e7ekerken tak\u0131ld\u0131, \u00e7ok a\u011f\u0131rd\u0131, \u00f6nce heykel oldu\u011funu fark edemedim sonra suyla y\u0131kay\u0131nca anlad\u0131k. Hemen Bodrum Ticaret Odas\u0131 Ba\u015fkan\u0131 Mahmut Kocadon\u2019u arad\u0131m, sonra Sahil G\u00fcvenli\u011fe haber verdik. Sonra da Marmaris M\u00fczesi\u2019ne teslim ettim. \u00c7ok gururluyum, heykel Marmaris m\u00fczesine, k\u00fclt\u00fcr varl\u0131klar\u0131na hay\u0131rl\u0131 u\u011furlu olsun&#8221; \u015feklinde anlatt\u0131.<\/p>\n<p>Serginin a\u00e7\u0131l\u0131\u015f\u0131na Marmaris Kaymakam\u0131 Nurullah Kaya, Mu\u011fla \u0130l K\u00fclt\u00fcr ve Turizm M\u00fcd\u00fcr\u00fc H\u00fcseyin Toprak, K\u00fclt\u00fcr Varl\u0131klar\u0131 ve M\u00fczeler Genel M\u00fcd\u00fcrl\u00fc\u011f\u00fc Emlak Dairesi Ba\u015fkan\u0131 F\u00fcgen Karaman, Mu\u011fla Ticaret ve Sanayi Odas\u0131 Ba\u015fkan\u0131 B\u00fclent Karaku\u015f, Mu\u011fla Ticaret ve Sanayi Odas\u0131 Meclis Ba\u015fkan\u0131 Koray \u00d6zcan, \u0130talya \u0130zmir Konsolosu Daniele Bianchi, Marmaris \u0130l\u00e7e Jandarma Komutan\u0131 Binba\u015f\u0131 Berker Dongul, GETOB Ba\u015fkan\u0131 Cengiz Ayg\u00fcn ve y\u00f6netim kurulu \u00fcyeleri, siyasi parti temsilcileri, kurum m\u00fcd\u00fcrleri ve \u00e7ok say\u0131da davetli kat\u0131ld\u0131. Ayr\u0131ca il\u00e7ede kaz\u0131 ve ara\u015ft\u0131rmalar\u0131n devam etti\u011fi antik kent kaz\u0131lar\u0131n\u0131n ba\u015fkanlar\u0131 ve ekipleri de serginin ilk ziyaret\u00e7ileri aras\u0131nda yer ald\u0131.<br \/><\/p>\n","protected":false},"excerpt":{"rendered":"<p>Cumhuriyetin 102. y\u0131l\u0131na \u00f6zel haz\u0131rlanan sergi Mu\u011fla\u2019n\u0131n Marmaris il\u00e7esindeki Marmaris Kalesi\u2019nde a\u00e7\u0131ld\u0131. 2 bin 500 y\u0131ll\u0131k &#8220;Denizden Gelen Kad\u0131n&#8221; heykelinin ilk kez sergilendi\u011fi Marmaris\u2019te, sergiye heykeli bulan bal\u0131k\u00e7\u0131 da kat\u0131ld\u0131. Cumhuriyetin 102. y\u0131l\u0131 an\u0131s\u0131na K\u00fclt\u00fcr ve Turizm Bakanl\u0131\u011f\u0131 taraf\u0131ndan y\u00fcr\u00fct\u00fclen &#8220;102 Y\u0131lda 102 Sergi, Cumhuriyet\u2019in I\u015f\u0131\u011f\u0131nda Anadolu\u2019nun K\u00fclt\u00fcrel Miras\u0131na Yolculuk&#8221; projesi kapsam\u0131nda Marmaris\u2019te anlaml\u0131 bir&#8230;<\/p>\n","protected":false},"author":1,"featured_media":40033,"comment_status":"open","ping_status":"open","sticky":false,"template":"","format":"standard","meta":{"_crdt_document":"","footnotes":""},"categories":[1],"tags":[],"class_list":["post-40032","post","type-post","status-publish","format-standard","has-post-thumbnail","hentry","category-guncel"],"_links":{"self":[{"href":"https:\/\/www.egemtv.com\/index.php?rest_route=\/wp\/v2\/posts\/40032","targetHints":{"allow":["GET"]}}],"collection":[{"href":"https:\/\/www.egemtv.com\/index.php?rest_route=\/wp\/v2\/posts"}],"about":[{"href":"https:\/\/www.egemtv.com\/index.php?rest_route=\/wp\/v2\/types\/post"}],"author":[{"embeddable":true,"href":"https:\/\/www.egemtv.com\/index.php?rest_route=\/wp\/v2\/users\/1"}],"replies":[{"embeddable":true,"href":"https:\/\/www.egemtv.com\/index.php?rest_route=%2Fwp%2Fv2%2Fcomments&post=40032"}],"version-history":[{"count":1,"href":"https:\/\/www.egemtv.com\/index.php?rest_route=\/wp\/v2\/posts\/40032\/revisions"}],"predecessor-version":[{"id":40034,"href":"https:\/\/www.egemtv.com\/index.php?rest_route=\/wp\/v2\/posts\/40032\/revisions\/40034"}],"wp:featuredmedia":[{"embeddable":true,"href":"https:\/\/www.egemtv.com\/index.php?rest_route=\/wp\/v2\/media\/40033"}],"wp:attachment":[{"href":"https:\/\/www.egemtv.com\/index.php?rest_route=%2Fwp%2Fv2%2Fmedia&parent=40032"}],"wp:term":[{"taxonomy":"category","embeddable":true,"href":"https:\/\/www.egemtv.com\/index.php?rest_route=%2Fwp%2Fv2%2Fcategories&post=40032"},{"taxonomy":"post_tag","embeddable":true,"href":"https:\/\/www.egemtv.com\/index.php?rest_route=%2Fwp%2Fv2%2Ftags&post=40032"}],"curies":[{"name":"wp","href":"https:\/\/api.w.org\/{rel}","templated":true}]}}