{"id":40029,"date":"2025-07-05T10:55:45","date_gmt":"2025-07-05T07:55:45","guid":{"rendered":"https:\/\/www.egemtv.com\/?p=40029"},"modified":"2025-07-05T10:55:49","modified_gmt":"2025-07-05T07:55:49","slug":"meahta-ortopedi-ve-travmatoloji-kliniginin-9uncu-uzmani-dr-keser-oldu","status":"publish","type":"post","link":"https:\/\/www.egemtv.com\/?p=40029","title":{"rendered":"MEAH\u2019ta Ortopedi ve Travmatoloji Klini\u011fi\u2019nin 9\u2019uncu uzman\u0131 Dr. Keser oldu"},"content":{"rendered":"<p>Mu\u011fla E\u011fitim ve Ara\u015ft\u0131rma Hastanesi Ortopedi ve Travmatoloji Anabilim Dal\u0131 b\u00fcnyesinde uzmanl\u0131k e\u011fitimi g\u00f6ren Ara\u015ft\u0131rma G\u00f6revlisi Dr. Deniz Durukan Keser, girdi\u011fi uzmanl\u0131k s\u0131nav\u0131n\u0131 ba\u015far\u0131yla tamamlayarak klini\u011fin 9. uzman\u0131 unvan\u0131n\u0131 almaya hak kazand\u0131.<\/p>\n<p>Uzmanl\u0131k s\u0131nav\u0131, Ortopedi ve Travmatoloji Anabilim Dal\u0131 Ba\u015fkan\u0131 Prof. Dr. Nevres H\u00fcrriyet Aydo\u011fan ba\u015fkanl\u0131\u011f\u0131nda ger\u00e7ekle\u015ftirildi. S\u0131nav j\u00fcrisinde ayr\u0131ca; Acil T\u0131p Anabilim Dal\u0131\u2019ndan Prof. Dr. Ethem Acar, Genel Cerrahi Anabilim Dal\u0131\u2019ndan Do\u00e7. Dr. \u00d6nder \u00d6zcan, Ortopedi ve Travmatoloji Anabilim Dal\u0131\u2019ndan Do\u00e7. Dr. Ula\u015f Akg\u00fcn ile Dr. \u00d6\u011fr. \u00dcyesi Fatih \u0130lker Can yer ald\u0131. Dr. Deniz Durukan Keser\u2019in uzmanl\u0131k tezi, tez dan\u0131\u015fman\u0131 Do\u00e7. Dr. Emre G\u00fclta\u00e7 rehberli\u011finde tamamland\u0131. Keser\u2019in tez ba\u015fl\u0131\u011f\u0131 ise, \u201965 Ya\u015f \u00dczeri Kal\u00e7a K\u0131r\u0131\u011f\u0131 Nedeni ile Hemiartroplasti Yap\u0131lan \u0130ntertrokanterik ve Femur Boyun K\u0131r\u0131klar\u0131nda Gizli Kanaman\u0131n Kar\u015f\u0131la\u015ft\u0131r\u0131lmas\u0131\u2019 oldu.<\/p>\n<p>Ba\u015far\u0131l\u0131 s\u0131nav s\u00fcrecinin ard\u0131ndan Op. Dr. Deniz Durukan Keser, Mu\u011fla E\u011fitim ve Ara\u015ft\u0131rma Hastanesi\u2019nden uzmanl\u0131k belgesi alan 264. ara\u015ft\u0131rma g\u00f6revlisi hekim oldu. Mu\u011fla E\u011fitim ve Ara\u015ft\u0131rma Hastanesi y\u00f6netimi ve Ortopedi ve Travmatoloji Anabilim Dal\u0131 yeni uzmanlar\u0131n\u0131 kutlayarak Op. Dr. Deniz Durukan Keser\u2019e meslek hayat\u0131nda ba\u015far\u0131lar diledi.<br \/><\/p>\n","protected":false},"excerpt":{"rendered":"<p>Mu\u011fla E\u011fitim ve Ara\u015ft\u0131rma Hastanesi Ortopedi ve Travmatoloji Anabilim Dal\u0131 b\u00fcnyesinde uzmanl\u0131k e\u011fitimi g\u00f6ren Ara\u015ft\u0131rma G\u00f6revlisi Dr. Deniz Durukan Keser, girdi\u011fi uzmanl\u0131k s\u0131nav\u0131n\u0131 ba\u015far\u0131yla tamamlayarak klini\u011fin 9. uzman\u0131 unvan\u0131n\u0131 almaya hak kazand\u0131. Uzmanl\u0131k s\u0131nav\u0131, Ortopedi ve Travmatoloji Anabilim Dal\u0131 Ba\u015fkan\u0131 Prof. Dr. Nevres H\u00fcrriyet Aydo\u011fan ba\u015fkanl\u0131\u011f\u0131nda ger\u00e7ekle\u015ftirildi. S\u0131nav j\u00fcrisinde ayr\u0131ca; Acil T\u0131p Anabilim Dal\u0131\u2019ndan Prof&#8230;.<\/p>\n","protected":false},"author":1,"featured_media":40030,"comment_status":"open","ping_status":"open","sticky":false,"template":"","format":"standard","meta":{"_crdt_document":"","footnotes":""},"categories":[2],"tags":[],"class_list":["post-40029","post","type-post","status-publish","format-standard","has-post-thumbnail","hentry","category-saglik"],"_links":{"self":[{"href":"https:\/\/www.egemtv.com\/index.php?rest_route=\/wp\/v2\/posts\/40029","targetHints":{"allow":["GET"]}}],"collection":[{"href":"https:\/\/www.egemtv.com\/index.php?rest_route=\/wp\/v2\/posts"}],"about":[{"href":"https:\/\/www.egemtv.com\/index.php?rest_route=\/wp\/v2\/types\/post"}],"author":[{"embeddable":true,"href":"https:\/\/www.egemtv.com\/index.php?rest_route=\/wp\/v2\/users\/1"}],"replies":[{"embeddable":true,"href":"https:\/\/www.egemtv.com\/index.php?rest_route=%2Fwp%2Fv2%2Fcomments&post=40029"}],"version-history":[{"count":1,"href":"https:\/\/www.egemtv.com\/index.php?rest_route=\/wp\/v2\/posts\/40029\/revisions"}],"predecessor-version":[{"id":40031,"href":"https:\/\/www.egemtv.com\/index.php?rest_route=\/wp\/v2\/posts\/40029\/revisions\/40031"}],"wp:featuredmedia":[{"embeddable":true,"href":"https:\/\/www.egemtv.com\/index.php?rest_route=\/wp\/v2\/media\/40030"}],"wp:attachment":[{"href":"https:\/\/www.egemtv.com\/index.php?rest_route=%2Fwp%2Fv2%2Fmedia&parent=40029"}],"wp:term":[{"taxonomy":"category","embeddable":true,"href":"https:\/\/www.egemtv.com\/index.php?rest_route=%2Fwp%2Fv2%2Fcategories&post=40029"},{"taxonomy":"post_tag","embeddable":true,"href":"https:\/\/www.egemtv.com\/index.php?rest_route=%2Fwp%2Fv2%2Ftags&post=40029"}],"curies":[{"name":"wp","href":"https:\/\/api.w.org\/{rel}","templated":true}]}}