{"id":40026,"date":"2025-07-05T10:55:42","date_gmt":"2025-07-05T07:55:42","guid":{"rendered":"https:\/\/www.egemtv.com\/?p=40026"},"modified":"2025-07-05T10:55:45","modified_gmt":"2025-07-05T07:55:45","slug":"muglada-spor-yatirimlari-hiz-kesmiyor","status":"publish","type":"post","link":"https:\/\/www.egemtv.com\/?p=40026","title":{"rendered":"Mu\u011fla\u2019da spor yat\u0131r\u0131mlar\u0131 h\u0131z kesmiyor"},"content":{"rendered":"<p>Gen\u00e7lik ve Spor Bakanl\u0131\u011f\u0131 ile Spor Toto Te\u015fkilat Ba\u015fkanl\u0131\u011f\u0131 i\u015f birli\u011finde Mu\u011fla\u2019da spor altyap\u0131s\u0131n\u0131 g\u00fc\u00e7lendirecek yeni yat\u0131r\u0131mlar hayata ge\u00e7iriliyor. Bu kapsamda \u00fc\u00e7 \u00f6nemli proje i\u00e7in protokol imzaland\u0131.<\/p>\n<p>Mu\u011fla Valisi Dr. \u0130dris Akb\u0131y\u0131k ile Spor Toto Te\u015fkilat Ba\u015fkan Yard\u0131mc\u0131s\u0131 Metin Ayvazo\u011flu aras\u0131nda imzalanan protokolle; Mente\u015fe Atat\u00fcrk Spor Kompleksi\u2019ne yeni spor salonu yap\u0131lmas\u0131, Marmaris Beldibi Futbol Sahas\u0131\u2019n\u0131n yenilenmesi, Bodrum Turgutreis Mahallesi\u2019ne sentetik \u00e7im y\u00fczeyli futbol sahas\u0131 yap\u0131lmas\u0131 planland\u0131. Mu\u011fla\u2019n\u0131n spor altyap\u0131s\u0131n\u0131 geli\u015ftirmeye y\u00f6nelik bu yat\u0131r\u0131mlar\u0131n protokol imza t\u00f6renine Mu\u011fla Milletvekilleri, Gen\u00e7lik ve Spor Mu\u011fla \u0130l M\u00fcd\u00fcr\u00fc Musa Kaz\u0131m A\u00e7\u0131kba\u015f da kat\u0131ld\u0131.<\/p>\n<p>Vali Dr. \u0130dris Akb\u0131y\u0131k, Mu\u011fla\u2019da gen\u00e7lerin ve sporcular\u0131n daha modern, eri\u015filebilir ve \u00e7ok ama\u00e7l\u0131 tesislere kavu\u015fmas\u0131n\u0131n b\u00fcy\u00fck \u00f6nem ta\u015f\u0131d\u0131\u011f\u0131n\u0131 belirterek, projelerin en k\u0131sa s\u00fcrede tamamlanarak hizmete sunulaca\u011f\u0131n\u0131 ifade etti.<br \/><\/p>\n","protected":false},"excerpt":{"rendered":"<p>Gen\u00e7lik ve Spor Bakanl\u0131\u011f\u0131 ile Spor Toto Te\u015fkilat Ba\u015fkanl\u0131\u011f\u0131 i\u015f birli\u011finde Mu\u011fla\u2019da spor altyap\u0131s\u0131n\u0131 g\u00fc\u00e7lendirecek yeni yat\u0131r\u0131mlar hayata ge\u00e7iriliyor. Bu kapsamda \u00fc\u00e7 \u00f6nemli proje i\u00e7in protokol imzaland\u0131. Mu\u011fla Valisi Dr. \u0130dris Akb\u0131y\u0131k ile Spor Toto Te\u015fkilat Ba\u015fkan Yard\u0131mc\u0131s\u0131 Metin Ayvazo\u011flu aras\u0131nda imzalanan protokolle; Mente\u015fe Atat\u00fcrk Spor Kompleksi\u2019ne yeni spor salonu yap\u0131lmas\u0131, Marmaris Beldibi Futbol Sahas\u0131\u2019n\u0131n&#8230;<\/p>\n","protected":false},"author":1,"featured_media":40027,"comment_status":"open","ping_status":"open","sticky":false,"template":"","format":"standard","meta":{"_crdt_document":"","footnotes":""},"categories":[1],"tags":[],"class_list":["post-40026","post","type-post","status-publish","format-standard","has-post-thumbnail","hentry","category-guncel"],"_links":{"self":[{"href":"https:\/\/www.egemtv.com\/index.php?rest_route=\/wp\/v2\/posts\/40026","targetHints":{"allow":["GET"]}}],"collection":[{"href":"https:\/\/www.egemtv.com\/index.php?rest_route=\/wp\/v2\/posts"}],"about":[{"href":"https:\/\/www.egemtv.com\/index.php?rest_route=\/wp\/v2\/types\/post"}],"author":[{"embeddable":true,"href":"https:\/\/www.egemtv.com\/index.php?rest_route=\/wp\/v2\/users\/1"}],"replies":[{"embeddable":true,"href":"https:\/\/www.egemtv.com\/index.php?rest_route=%2Fwp%2Fv2%2Fcomments&post=40026"}],"version-history":[{"count":1,"href":"https:\/\/www.egemtv.com\/index.php?rest_route=\/wp\/v2\/posts\/40026\/revisions"}],"predecessor-version":[{"id":40028,"href":"https:\/\/www.egemtv.com\/index.php?rest_route=\/wp\/v2\/posts\/40026\/revisions\/40028"}],"wp:featuredmedia":[{"embeddable":true,"href":"https:\/\/www.egemtv.com\/index.php?rest_route=\/wp\/v2\/media\/40027"}],"wp:attachment":[{"href":"https:\/\/www.egemtv.com\/index.php?rest_route=%2Fwp%2Fv2%2Fmedia&parent=40026"}],"wp:term":[{"taxonomy":"category","embeddable":true,"href":"https:\/\/www.egemtv.com\/index.php?rest_route=%2Fwp%2Fv2%2Fcategories&post=40026"},{"taxonomy":"post_tag","embeddable":true,"href":"https:\/\/www.egemtv.com\/index.php?rest_route=%2Fwp%2Fv2%2Ftags&post=40026"}],"curies":[{"name":"wp","href":"https:\/\/api.w.org\/{rel}","templated":true}]}}