{"id":40023,"date":"2025-07-05T10:55:37","date_gmt":"2025-07-05T07:55:37","guid":{"rendered":"https:\/\/www.egemtv.com\/?p=40023"},"modified":"2025-07-05T10:55:42","modified_gmt":"2025-07-05T07:55:42","slug":"kozagac-baraj-golune-40-bin-sazan-yavrusu-birakildi","status":"publish","type":"post","link":"https:\/\/www.egemtv.com\/?p=40023","title":{"rendered":"Koza\u011fa\u00e7 Baraj G\u00f6l\u00fc\u2019ne 40 bin sazan yavrusu b\u0131rak\u0131ld\u0131"},"content":{"rendered":"<p>Mu\u011fla\u2019n\u0131n Mente\u015fe il\u00e7esindeki Koza\u011fa\u00e7 Baraj G\u00f6l\u00fc\u2019ne 40 bin sazan yavrusu b\u0131rak\u0131ld\u0131.<\/p>\n<p>Su kaynaklar\u0131ndaki bal\u0131k pop\u00fclasyonunu art\u0131rmak, ekosistemi desteklemek ve s\u00fcrd\u00fcr\u00fclebilir bal\u0131k\u00e7\u0131l\u0131\u011f\u0131 te\u015fvik etmek amac\u0131yla Mente\u015fe \u0130l\u00e7e Tar\u0131m ve Orman M\u00fcd\u00fcrl\u00fc\u011f\u00fc taraf\u0131ndan \u00f6nemli bir bal\u0131kland\u0131rma \u00e7al\u0131\u015fmas\u0131 ger\u00e7ekle\u015ftirildi. Bu kapsamda, Mente\u015fe s\u0131n\u0131rlar\u0131 i\u00e7erisinde yer alan Koza\u011fa\u00e7 Baraj G\u00f6l\u00fc\u2019ne, Mente\u015fe \u0130l\u00e7e Tar\u0131m ve Orman M\u00fcd\u00fcrl\u00fc\u011f\u00fc ekipleri taraf\u0131ndan 40 bin adet sazan bal\u0131\u011f\u0131 yavrusu b\u0131rak\u0131ld\u0131. Yap\u0131lan bal\u0131kland\u0131rma \u00e7al\u0131\u015fmas\u0131yla birlikte hem i\u00e7 su kaynaklar\u0131n\u0131n do\u011fal dengesinin korunmas\u0131 hem de b\u00f6lgedeki amat\u00f6r ve ticari bal\u0131k\u00e7\u0131l\u0131\u011f\u0131n desteklenmesi hedeflenirken Mente\u015fe \u0130l\u00e7e Tar\u0131m ve Orman M\u00fcd\u00fcrl\u00fc\u011f\u00fc yetkilileri, bal\u0131kland\u0131rma faaliyetlerinin her y\u0131l planl\u0131 \u015fekilde s\u00fcrd\u00fcr\u00fcld\u00fc\u011f\u00fcn\u00fc belirtti. M\u00fcd\u00fcrl\u00fckten yap\u0131lan a\u00e7\u0131klamada, &#8220;\u0130\u00e7 su kaynaklar\u0131m\u0131zda bal\u0131k varl\u0131\u011f\u0131n\u0131n devaml\u0131l\u0131\u011f\u0131n\u0131 sa\u011flamak, do\u011fal dengenin korunmas\u0131na katk\u0131 sunmak ve vatanda\u015flar\u0131m\u0131za s\u00fcrd\u00fcr\u00fclebilir bal\u0131k\u00e7\u0131l\u0131k imkanlar\u0131 olu\u015fturmak amac\u0131yla bu t\u00fcr \u00e7al\u0131\u015fmalar\u0131m\u0131za kararl\u0131l\u0131kla devam ediyoruz&#8221; ifadelerini kulland\u0131.<br \/><\/p>\n","protected":false},"excerpt":{"rendered":"<p>Mu\u011fla\u2019n\u0131n Mente\u015fe il\u00e7esindeki Koza\u011fa\u00e7 Baraj G\u00f6l\u00fc\u2019ne 40 bin sazan yavrusu b\u0131rak\u0131ld\u0131. Su kaynaklar\u0131ndaki bal\u0131k pop\u00fclasyonunu art\u0131rmak, ekosistemi desteklemek ve s\u00fcrd\u00fcr\u00fclebilir bal\u0131k\u00e7\u0131l\u0131\u011f\u0131 te\u015fvik etmek amac\u0131yla Mente\u015fe \u0130l\u00e7e Tar\u0131m ve Orman M\u00fcd\u00fcrl\u00fc\u011f\u00fc taraf\u0131ndan \u00f6nemli bir bal\u0131kland\u0131rma \u00e7al\u0131\u015fmas\u0131 ger\u00e7ekle\u015ftirildi. Bu kapsamda, Mente\u015fe s\u0131n\u0131rlar\u0131 i\u00e7erisinde yer alan Koza\u011fa\u00e7 Baraj G\u00f6l\u00fc\u2019ne, Mente\u015fe \u0130l\u00e7e Tar\u0131m ve Orman M\u00fcd\u00fcrl\u00fc\u011f\u00fc ekipleri taraf\u0131ndan 40&#8230;<\/p>\n","protected":false},"author":1,"featured_media":40024,"comment_status":"open","ping_status":"open","sticky":false,"template":"","format":"standard","meta":{"_crdt_document":"","footnotes":""},"categories":[1],"tags":[],"class_list":["post-40023","post","type-post","status-publish","format-standard","has-post-thumbnail","hentry","category-guncel"],"_links":{"self":[{"href":"https:\/\/www.egemtv.com\/index.php?rest_route=\/wp\/v2\/posts\/40023","targetHints":{"allow":["GET"]}}],"collection":[{"href":"https:\/\/www.egemtv.com\/index.php?rest_route=\/wp\/v2\/posts"}],"about":[{"href":"https:\/\/www.egemtv.com\/index.php?rest_route=\/wp\/v2\/types\/post"}],"author":[{"embeddable":true,"href":"https:\/\/www.egemtv.com\/index.php?rest_route=\/wp\/v2\/users\/1"}],"replies":[{"embeddable":true,"href":"https:\/\/www.egemtv.com\/index.php?rest_route=%2Fwp%2Fv2%2Fcomments&post=40023"}],"version-history":[{"count":1,"href":"https:\/\/www.egemtv.com\/index.php?rest_route=\/wp\/v2\/posts\/40023\/revisions"}],"predecessor-version":[{"id":40025,"href":"https:\/\/www.egemtv.com\/index.php?rest_route=\/wp\/v2\/posts\/40023\/revisions\/40025"}],"wp:featuredmedia":[{"embeddable":true,"href":"https:\/\/www.egemtv.com\/index.php?rest_route=\/wp\/v2\/media\/40024"}],"wp:attachment":[{"href":"https:\/\/www.egemtv.com\/index.php?rest_route=%2Fwp%2Fv2%2Fmedia&parent=40023"}],"wp:term":[{"taxonomy":"category","embeddable":true,"href":"https:\/\/www.egemtv.com\/index.php?rest_route=%2Fwp%2Fv2%2Fcategories&post=40023"},{"taxonomy":"post_tag","embeddable":true,"href":"https:\/\/www.egemtv.com\/index.php?rest_route=%2Fwp%2Fv2%2Ftags&post=40023"}],"curies":[{"name":"wp","href":"https:\/\/api.w.org\/{rel}","templated":true}]}}