{"id":39879,"date":"2025-07-04T14:36:57","date_gmt":"2025-07-04T11:36:57","guid":{"rendered":"https:\/\/www.egemtv.com\/?p=39879"},"modified":"2025-07-04T14:37:01","modified_gmt":"2025-07-04T11:37:01","slug":"manisanin-tek-yanik-unitesi-cevre-illerin-hastalarina-da-umut-oluyor","status":"publish","type":"post","link":"https:\/\/www.egemtv.com\/?p=39879","title":{"rendered":"Manisa\u2019n\u0131n tek yan\u0131k \u00fcnitesi \u00e7evre illerin hastalar\u0131na da umut oluyor"},"content":{"rendered":"<p>Manisa Merkezefendi Devlet Hastanesi b\u00fcnyesinde 9 y\u0131ld\u0131r hizmet veren ildeki tek yan\u0131k \u00fcnitesi, 8 ay \u00f6nce \u00e7ocuk hastalar\u0131n da kabul edilmeye ba\u015flanmas\u0131yla birlikte sadece Manisa\u2019dan de\u011fil, \u00e7evre il ve il\u00e7elerden gelen yeti\u015fkin ve \u00e7ocuk hastalara da \u015fifa kap\u0131s\u0131 oluyor.<br \/>\n<br \/>Manisa\u2019da 460 yatak kapasitesiyle modern binas\u0131nda hizmet veren Merkezefendi Devlet Hastanesi, \u015fehirdeki tek yan\u0131k \u00fcnitesiyle 9 y\u0131ld\u0131r y\u00fczlerce hastaya tedavi sundu. 8 ay \u00f6nce \u00e7ocuk hastalar\u0131 da kabul etmeye ba\u015flayan Merkezefendi Devlet Hastanesi, kapasitesini de artt\u0131rarak \u00e7evre il ve il\u00e7elerden gelen hastalara da hizmet veriyor. Hastane Ba\u015fhekimi Anesteziyoloji ve Reanimasyon Uzm. Dr. Fatma Neslim Ya\u011fl\u0131, Manisa\u2019daki yakla\u015f\u0131k 1,5 milyon n\u00fcfusun 3\u2019te birine hizmet verdiklerini vurgulad\u0131. Manisa Merkezefendi Devlet Hastanesi yan\u0131k \u00fcnitesinin 5 yatakl\u0131 olarak hizmet verdi\u011fini s\u00f6yleyen Ba\u015fhekim Uzm. Dr. Ya\u011fl\u0131, &#8220;\u00dcnitemiz, Manisa il  ve il\u00e7elerden hasta kabul etti\u011fi gibi \u00e7o\u011fu hastas\u0131n\u0131 da \u00e7evre illerden 112 sevk yoluyla kabul etmektedir. Maksimum y\u00fczde 25 oran\u0131nda olan  2. derecede yan\u0131klar yan\u0131k \u00fcnitelerince kabul edilmesine ra\u011fmen \u00fcnitemizde \u00e7ok daha geni\u015f alan yan\u0131klar\u0131n\u0131n da takip ve tedavisi yap\u0131lmaktad\u0131r. T\u00fcm hasta odalar\u0131nda tuvalet ve du\u015f imkan\u0131 olan \u00fcnitemizde tedavi ama\u00e7l\u0131 yara debridman\u0131nda kullan\u0131lan hasta y\u0131kama sedye ve k\u00fcveti de bulunmaktad\u0131r&#8221; dedi.<br \/>\n<br \/>9 y\u0131l \u00f6nce a\u00e7\u0131lan yan\u0131k \u00fcnitemiz daha \u00f6nce sadece eri\u015fkin hastalar\u0131m\u0131za hizmet verdi\u011fini vurgulayan Ba\u015fhekim Uzm. Dr. Ya\u011fl\u0131, &#8220;Genel Cerrahi Uzman Dr. Eser \u00d6zt\u00fcrk taraf\u0131ndan, onun kontrol\u00fcnde ilerlerken, bu y\u0131lba\u015f\u0131ndan itibaren hastanemizde \u00c7ocuk Cerrahi uzmanlar\u0131m\u0131z Op. Dr. Bilal Ar\u0131kba\u015f\u0131 ve Op. Dr. G\u00f6k\u00e7en Aksoy H\u00fcvez\u2019in ba\u015flamalar\u0131 ile birlikte, art\u0131k \u00e7ocuk hastalar\u0131m\u0131za hizmet veriyoruz. Manisa ilinde bulunan tek yan\u0131k \u00fcnitesi 5 yatak kapasitesi ile hizmet veriyoruz. Ge\u00e7en y\u0131l toplamda 43 hastaya hizmet vermi\u015fken, \u00e7ocuk hastalar\u0131m\u0131zda kabul etmekle beraber \u015fu anda ilk 5 ayda 38 hastam\u0131za hizmet verdik. Bu 38 hastan\u0131n da y\u00fczde 60\u2019\u0131n\u0131 0-18 ya\u015f aras\u0131 \u00e7ocuklar olu\u015fturmakta. Hekimlerimiz burada yan\u0131kla ilgili her t\u00fcrl\u00fc t\u0131bbi tedaviyi vermekte, gerekti\u011finde ameliyat\u0131 al\u0131p deri greft uygulamalar\u0131 da yapmaktalar&#8221; diye konu\u015ftu.<\/p>\n<p>&#8220;Hastalar\u0131 tamamen iyile\u015ftirmek ana hedefimiz&#8221;<br \/>\n<br \/>Yan\u0131k \u00fcnitesinde hastalar\u0131 tamamen iyile\u015ftirmeden taburcu etmediklerini kaydeden Ba\u015fhekim Uzm. Dr. Ya\u011fl\u0131, &#8220;Hastalar\u0131m\u0131za t\u0131bbi tedavi vermeye devam ediyoruz. Tamamen iyile\u015ftirip evlerine g\u00f6ndermek ana hedefimiz. Bu tedavi s\u0131ras\u0131nda e\u011fer bizi a\u015fan hastalar olursa, yan\u0131k \u00fcnitesinden yan\u0131k merkezine nakilleri sa\u011flanmakta, geri kalan hastalar\u0131m\u0131z\u0131 da hepsine evlerine \u015fifa ile taburcu etmekteyiz. Ge\u00e7ti\u011fimiz ay i\u00e7erisinde 14-15 ya\u015flar\u0131nda voleybol oynayan bir sporcu k\u0131z\u0131m\u0131z aya\u011f\u0131n\u0131 kaybetmek \u00fczereydi. \u00c7ok ciddi bir benzin yan\u0131\u011f\u0131 vard\u0131, doktorlar\u0131m\u0131z\u0131n yapt\u0131klar\u0131 ba\u015far\u0131l\u0131 greft ameliyatlar\u0131yla beraber y\u00fcr\u00fcyerek hastam\u0131z\u0131 taburcu etmenin mutlulu\u011funu ya\u015f\u0131yoruz. Ortalama 53-54 g\u00fcn kadar hastanemizde kald\u0131 ve y\u00fcr\u00fcyerek ailesiyle beraber taburcu oldu. \u0130n\u015fallah bundan sonraki hayat\u0131nda da tekrar spora d\u00f6necek&#8221; dedi.<br \/>\n<br \/>Yakla\u015f\u0131k 9 senedir Manisa Merkez Efendi Devlet Hastanesi yan\u0131k \u00fcnitesinde g\u00f6rev yapt\u0131\u011f\u0131n\u0131 belirten yan\u0131k \u00fcnitesi sorumlu hekimi Genel Cerrahi Uzman\u0131 Op. Dr. Eser \u00d6zt\u00fcrk, ilk y\u0131llarda Ege B\u00f6lgesi\u2019nde say\u0131l\u0131 \u00fcnitelerden biri olduklar\u0131n\u0131 ancak sonras\u0131nda yak\u0131n illerde de \u00fcniteler a\u00e7\u0131lmaya ba\u015flad\u0131\u011f\u0131n\u0131 ifade etti. Daha \u00e7ok yeti\u015fkin hastalara bakt\u0131klar\u0131n\u0131 kaydeden Op. Dr. \u00d6zt\u00fcrk, &#8220;\u00c7ocuk hastalara da yakla\u015f\u0131k 6-7 ayd\u0131r hizmet vermeye ba\u015flad\u0131k. Buras\u0131 daha \u00e7ok \u00e7evre il\u00e7e \u00e7evre illerden ve Manisa Celal Bayar \u00dcniversitesi gibi hastanelerden daha \u00e7ok sevk kabul ediyoruz. Ama daha \u00e7ok 112 sekt\u00f6r\u00fc ile daha \u00e7ok hasta kabul\u00fc oluyor. \u00dcnitemizde her t\u00fcrl\u00fc greft ameliyatlar\u0131 m\u00fcmk\u00fcn. Yani yakla\u015f\u0131k y\u00fczde 30 le 40\u2019a kadar 2 derecede yan\u0131klar\u0131 kabul ediyoruz. 3 derecede yan\u0131klar daha bir \u00fcst merkez olan yan\u0131k merkezlerini y\u00f6nlendiriliyor&#8221; dedi.<\/p>\n<p>\u00c7ocuk b\u00f6l\u00fcm\u00fcnde 2 \u00e7ocuk cerrah\u0131 g\u00f6rev yap\u0131yor<br \/>\n<br \/>Yan\u0131k \u00fcnitesinde 2 \u00e7ocuk cerrah\u0131n\u0131n hizmet verdi\u011fini belirten \u00c7ocuk Cerrahisi Op. Dr. Bilal Ar\u0131kba\u015f\u0131, \u00e7ocuk hastalar\u0131n genellikle; \u00e7ay, \u00e7orba, s\u0131cak yemek yan\u0131klar\u0131yla \u00fcniteye ba\u015fvurduklar\u0131n\u0131 s\u00f6yledi. Op. Dr. Bilal Ar\u0131kba\u015f\u0131, &#8220;Genelde ikinci derece derin ve komplike olan yan\u0131klar\u0131 buraya al\u0131yoruz, hafif olan yan\u0131klar\u0131 poliklini\u011fimize takip ediyoruz. K\u00fc\u00e7\u00fck \u00e7ocuklar\u0131m\u0131zda genellikle \u00e7ok geni\u015f alanda yan\u0131klar\u0131 olmakta ve yat\u0131\u015f s\u00fcreleri biraz uzun oluyor. Bir haftadan 1 aya 2 aya kadar tedavileri s\u00fcren hastalar\u0131m\u0131z var. \u015eimdiye kadar iyile\u015ftirmeden taburcu etti\u011fimiz hastam\u0131z olmad\u0131, organ kayb\u0131 ile giden hastam\u0131z olmad\u0131. Voleybolcu bir k\u0131z\u0131m\u0131z vard\u0131, onun da baca\u011f\u0131n\u0131 kurtard\u0131k. Y\u00fcz yan\u0131klar\u0131, alev yan\u0131klar\u0131 \u00e7ok oluyor, ancak elimizden geldi\u011fi kadar tedbirli olmal\u0131y\u0131z&#8221; diye konu\u015ftu.<br \/><\/p>\n","protected":false},"excerpt":{"rendered":"<p>Manisa Merkezefendi Devlet Hastanesi b\u00fcnyesinde 9 y\u0131ld\u0131r hizmet veren ildeki tek yan\u0131k \u00fcnitesi, 8 ay \u00f6nce \u00e7ocuk hastalar\u0131n da kabul edilmeye ba\u015flanmas\u0131yla birlikte sadece Manisa\u2019dan de\u011fil, \u00e7evre il ve il\u00e7elerden gelen yeti\u015fkin ve \u00e7ocuk hastalara da \u015fifa kap\u0131s\u0131 oluyor. Manisa\u2019da 460 yatak kapasitesiyle modern binas\u0131nda hizmet veren Merkezefendi Devlet Hastanesi, \u015fehirdeki tek yan\u0131k \u00fcnitesiyle 9&#8230;<\/p>\n","protected":false},"author":1,"featured_media":39880,"comment_status":"open","ping_status":"open","sticky":false,"template":"","format":"standard","meta":{"_crdt_document":"","footnotes":""},"categories":[2],"tags":[],"class_list":["post-39879","post","type-post","status-publish","format-standard","has-post-thumbnail","hentry","category-saglik"],"_links":{"self":[{"href":"https:\/\/www.egemtv.com\/index.php?rest_route=\/wp\/v2\/posts\/39879","targetHints":{"allow":["GET"]}}],"collection":[{"href":"https:\/\/www.egemtv.com\/index.php?rest_route=\/wp\/v2\/posts"}],"about":[{"href":"https:\/\/www.egemtv.com\/index.php?rest_route=\/wp\/v2\/types\/post"}],"author":[{"embeddable":true,"href":"https:\/\/www.egemtv.com\/index.php?rest_route=\/wp\/v2\/users\/1"}],"replies":[{"embeddable":true,"href":"https:\/\/www.egemtv.com\/index.php?rest_route=%2Fwp%2Fv2%2Fcomments&post=39879"}],"version-history":[{"count":1,"href":"https:\/\/www.egemtv.com\/index.php?rest_route=\/wp\/v2\/posts\/39879\/revisions"}],"predecessor-version":[{"id":39881,"href":"https:\/\/www.egemtv.com\/index.php?rest_route=\/wp\/v2\/posts\/39879\/revisions\/39881"}],"wp:featuredmedia":[{"embeddable":true,"href":"https:\/\/www.egemtv.com\/index.php?rest_route=\/wp\/v2\/media\/39880"}],"wp:attachment":[{"href":"https:\/\/www.egemtv.com\/index.php?rest_route=%2Fwp%2Fv2%2Fmedia&parent=39879"}],"wp:term":[{"taxonomy":"category","embeddable":true,"href":"https:\/\/www.egemtv.com\/index.php?rest_route=%2Fwp%2Fv2%2Fcategories&post=39879"},{"taxonomy":"post_tag","embeddable":true,"href":"https:\/\/www.egemtv.com\/index.php?rest_route=%2Fwp%2Fv2%2Ftags&post=39879"}],"curies":[{"name":"wp","href":"https:\/\/api.w.org\/{rel}","templated":true}]}}