{"id":39876,"date":"2025-07-04T14:36:52","date_gmt":"2025-07-04T11:36:52","guid":{"rendered":"https:\/\/www.egemtv.com\/?p=39876"},"modified":"2025-07-04T14:36:57","modified_gmt":"2025-07-04T11:36:57","slug":"natonun-akdeniz-gucunde-komuta-italyaya-gecti","status":"publish","type":"post","link":"https:\/\/www.egemtv.com\/?p=39876","title":{"rendered":"NATO\u2019nun Akdeniz g\u00fcc\u00fcnde komuta \u0130talya\u2019ya ge\u00e7ti"},"content":{"rendered":"<p>Mu\u011fla\u2019n\u0131n Marmaris il\u00e7esindeki Aksaz Deniz \u00dcs Komutanl\u0131\u011f\u0131, 4 Temmuz\u2019da NATO Daimi Deniz G\u00f6rev Grubu-2 (SNMG-2) ve NATO Daimi May\u0131n Kar\u015f\u0131 Tedbirleri G\u00f6rev Grubu-2 (SNMCMG-2) Komutanl\u0131klar\u0131n\u0131n devir teslim t\u00f6renine ev sahipli\u011fi yapt\u0131. T\u00f6renle birlikte SNMG-2\u2019nin komutas\u0131 T\u00fcrkiye\u2019den \u0130talya\u2019ya ge\u00e7ti.<\/p>\n<p>Donanma Komutan Yard\u0131mc\u0131s\u0131 Koramiral \u0130brahim \u00d6zdem Ko\u00e7er, M\u00fcttefik Deniz Komutanl\u0131\u011f\u0131 Komutan Yard\u0131mc\u0131s\u0131 Koramiral Didier Maleterre, Harp Filosu Komutan\u0131 T\u00fcmamiral Baybars K\u00fc\u00e7\u00fckatay ve G\u00fcney G\u00f6rev Grup Komutan\u0131 Tu\u011famiral Soner Kazankaya\u2019n\u0131n kat\u0131l\u0131m sa\u011flad\u0131\u011f\u0131 T\u00f6ren, T\u00fcrk ve \u0130talyan milli mar\u015flar\u0131n\u0131n okunmas\u0131yla ba\u015flad\u0131. Ard\u0131ndan g\u00f6revi devralan \u0130talyan komutan Tu\u011famiral Francesco Iavazzo bir konu\u015fma yapt\u0131. T\u00f6rene \u00fcst d\u00fczey askeri yetkililer de kat\u0131ld\u0131.<\/p>\n<p>1972 y\u0131l\u0131nda kurulan ve yakla\u015f\u0131k 52 y\u0131ld\u0131r Akdeniz\u2019de NATO\u2019nun cayd\u0131r\u0131c\u0131l\u0131\u011f\u0131n\u0131 sa\u011flayan SNMG-2, e\u011fitim ve tatbikatlarla 32 m\u00fcttefik \u00fclke aras\u0131nda deniz g\u00fcvenli\u011fi i\u015f birli\u011fini geli\u015ftirmeyi ama\u00e7l\u0131yor. Komutanl\u0131k, rotasyon usul\u00fcyle m\u00fcttefik \u00fclkeler aras\u0131nda payla\u015f\u0131l\u0131yor. Bu kapsamda SNMG-2 Komutanl\u0131\u011f\u0131, 3 Aral\u0131k 2024 &#8211; 4 Temmuz 2025 tarihleri aras\u0131nda be\u015finci kez T\u00fcrkiye taraf\u0131ndan \u00fcstlenilmi\u015fti. Komuta gemisi g\u00f6revini TCG Kemalreis f\u0131rkateyni y\u00fcr\u00fctm\u00fc\u015ft\u00fc.<\/p>\n<p>&#8220;T\u00fcrkiye, NATO\u2019nun deniz g\u00fcc\u00fcne en fazla katk\u0131 sa\u011flayan \u00fclkelerden biridir&#8221;<br \/>\n<br \/>T\u00f6rende konu\u015fan SNMG-2 Komutan\u0131 Tu\u011famiral Halil \u0130lker Avc\u0131, T\u00fcrk Deniz Kuvvetleri\u2019nin NATO deniz unsurlar\u0131na verdi\u011fi katk\u0131ya dikkat \u00e7ekti. T\u00fcrkiye\u2019nin, SNMG-2\u2019ye en fazla gemi katk\u0131s\u0131 sa\u011flayan m\u00fcttefik \u00fclke oldu\u011funu vurgulayan Avc\u0131, T\u00fcrk Deniz Kuvvetleri\u2019nin NATO i\u00e7indeki etkin rol\u00fcn\u00fc anlatt\u0131.<\/p>\n<p>G\u00f6rev s\u00fcresince ger\u00e7ekle\u015ftirilen faaliyetleri \u00f6zetleyen Avc\u0131, deniz g\u00f6rev g\u00fcc\u00fcn\u00fcn ilk olarak 1972\u2019de \u2019NATO Akdeniz \u00c7a\u011fr\u0131 Kuvveti\u2019 ad\u0131yla kuruldu\u011funu, 2007 y\u0131l\u0131ndan bu yana ise \u2019Standing NATO Maritime Group-2 (SNMG-2)\u2019 ad\u0131n\u0131 ta\u015f\u0131d\u0131\u011f\u0131n\u0131 belirtti. Ayr\u0131ca SNMG-2\u2019nin, NATO\u2019nun 2024\u2019te y\u00fcr\u00fcrl\u00fc\u011fe giren yeni kuvvet modeli kapsam\u0131nda 1\u2019inci kademe (Tier-1) kuvvetler i\u00e7inde yer ald\u0131\u011f\u0131n\u0131 ifade etti.<\/p>\n<p>G\u00f6rev grubunun temel i\u015flevlerini; NATO\u2019nun cayd\u0131r\u0131c\u0131l\u0131k ve savunma d\u00fczenine destek olmak, kriz b\u00f6lgelerine h\u0131zla intikal edebilmek, denizlerde durumsal fark\u0131ndal\u0131\u011f\u0131 art\u0131rmak ve m\u00fcttefik \u00fclkelerle ortak tatbikatlar ger\u00e7ekle\u015ftirmek \u015feklinde s\u0131rlayan Tu\u011famiral Avc\u0131 liman ziyaretleri ve e\u011fitim faaliyetleriyle de NATO ortaklar\u0131yla i\u015f birli\u011finin geli\u015ftirildi\u011fini belirtti.<\/p>\n<p>SNMG-2 faaliyetlerinin TCG Kemalreis\u2019te konu\u015flu karargah \u00fczerinden y\u00f6netildi\u011fini a\u00e7\u0131klayan Avc\u0131, karargahta T\u00fcrkiye\u2019nin yan\u0131 s\u0131ra Birle\u015fik Krall\u0131k, Bulgaristan, \u0130spanya, \u0130talya, Romanya ve Yunanistan\u2019dan personelin g\u00f6rev yapt\u0131\u011f\u0131n\u0131 s\u00f6yledi. G\u00f6rev d\u00f6nemi boyunca ABD, Almanya, Fransa, Kanada, Portekiz gibi \u00fclkelerden toplam 16 sava\u015f gemisinin g\u00f6rev grubunda yer ald\u0131\u011f\u0131n\u0131 kaydetti.<\/p>\n<p>Tatbikatlara da de\u011finen Avc\u0131, \u0130spanya ev sahipli\u011finde Dynamic Mariner-25 ve Flotex-25, \u0130talya ev sahipli\u011finde Dynamic Manta-25, Mare Aperto-25, Med Strike-25 ve Yunanistan ev sahipli\u011finde Steadfast Dart-25 tatbikatlar\u0131na kat\u0131l\u0131m sa\u011fland\u0131\u011f\u0131n\u0131, toplam 6 \u00fclkede 20 liman ziyaretinin ger\u00e7ekle\u015fti\u011fini aktard\u0131. Bu ziyaretlerde m\u00fclki ve asker\u00ee makamlarla \u00fcst d\u00fczey temaslar kuruldu\u011funu ifade etti.<\/p>\n<p>Konu\u015fmas\u0131n\u0131n sonunda g\u00f6rev s\u00fcrecini de\u011ferlendiren Tu\u011famiral Avc\u0131, T\u00fcrkiye\u2019nin NATO i\u00e7indeki deniz g\u00fcc\u00fcne dayal\u0131 katk\u0131lar\u0131n\u0131 ba\u015far\u0131yla yerine getirdi\u011fini vurgulad\u0131.<\/p>\n<p>G\u00f6rev, \u0130talya\u2019ya devredildi<br \/>\n<br \/>T\u00f6rende SNMG-2 Komutanl\u0131\u011f\u0131, Tu\u011famiral Halil \u0130lker Avc\u0131\u2019dan Tu\u011famiral Francesco Iavazzo\u2019ya; SNMCMG-2 Komutanl\u0131\u011f\u0131 ise Albay K\u00fcr\u015fat Kurnaz\u2019dan Yarbay Fortunato Genovese\u2019ye devredildi.<\/p>\n<p>T\u00f6rene ayr\u0131ca Donanma Komutan Yard\u0131mc\u0131s\u0131 Koramiral \u0130brahim \u00d6zdem Ko\u00e7er, M\u00fcttefik Deniz Komutanl\u0131\u011f\u0131 Komutan Yard\u0131mc\u0131s\u0131 Koramiral Didier Maleterre, Harp Filosu Komutan\u0131 T\u00fcmamiral Baybars K\u00fc\u00e7\u00fckatay ve G\u00fcney G\u00f6rev Grup Komutan\u0131 Tu\u011famiral Soner Kazankaya da kat\u0131ld\u0131.<br \/><\/p>\n","protected":false},"excerpt":{"rendered":"<p>Mu\u011fla\u2019n\u0131n Marmaris il\u00e7esindeki Aksaz Deniz \u00dcs Komutanl\u0131\u011f\u0131, 4 Temmuz\u2019da NATO Daimi Deniz G\u00f6rev Grubu-2 (SNMG-2) ve NATO Daimi May\u0131n Kar\u015f\u0131 Tedbirleri G\u00f6rev Grubu-2 (SNMCMG-2) Komutanl\u0131klar\u0131n\u0131n devir teslim t\u00f6renine ev sahipli\u011fi yapt\u0131. T\u00f6renle birlikte SNMG-2\u2019nin komutas\u0131 T\u00fcrkiye\u2019den \u0130talya\u2019ya ge\u00e7ti. Donanma Komutan Yard\u0131mc\u0131s\u0131 Koramiral \u0130brahim \u00d6zdem Ko\u00e7er, M\u00fcttefik Deniz Komutanl\u0131\u011f\u0131 Komutan Yard\u0131mc\u0131s\u0131 Koramiral Didier Maleterre, Harp Filosu&#8230;<\/p>\n","protected":false},"author":1,"featured_media":39877,"comment_status":"open","ping_status":"open","sticky":false,"template":"","format":"standard","meta":{"_crdt_document":"","footnotes":""},"categories":[1],"tags":[],"class_list":["post-39876","post","type-post","status-publish","format-standard","has-post-thumbnail","hentry","category-guncel"],"_links":{"self":[{"href":"https:\/\/www.egemtv.com\/index.php?rest_route=\/wp\/v2\/posts\/39876","targetHints":{"allow":["GET"]}}],"collection":[{"href":"https:\/\/www.egemtv.com\/index.php?rest_route=\/wp\/v2\/posts"}],"about":[{"href":"https:\/\/www.egemtv.com\/index.php?rest_route=\/wp\/v2\/types\/post"}],"author":[{"embeddable":true,"href":"https:\/\/www.egemtv.com\/index.php?rest_route=\/wp\/v2\/users\/1"}],"replies":[{"embeddable":true,"href":"https:\/\/www.egemtv.com\/index.php?rest_route=%2Fwp%2Fv2%2Fcomments&post=39876"}],"version-history":[{"count":1,"href":"https:\/\/www.egemtv.com\/index.php?rest_route=\/wp\/v2\/posts\/39876\/revisions"}],"predecessor-version":[{"id":39878,"href":"https:\/\/www.egemtv.com\/index.php?rest_route=\/wp\/v2\/posts\/39876\/revisions\/39878"}],"wp:featuredmedia":[{"embeddable":true,"href":"https:\/\/www.egemtv.com\/index.php?rest_route=\/wp\/v2\/media\/39877"}],"wp:attachment":[{"href":"https:\/\/www.egemtv.com\/index.php?rest_route=%2Fwp%2Fv2%2Fmedia&parent=39876"}],"wp:term":[{"taxonomy":"category","embeddable":true,"href":"https:\/\/www.egemtv.com\/index.php?rest_route=%2Fwp%2Fv2%2Fcategories&post=39876"},{"taxonomy":"post_tag","embeddable":true,"href":"https:\/\/www.egemtv.com\/index.php?rest_route=%2Fwp%2Fv2%2Ftags&post=39876"}],"curies":[{"name":"wp","href":"https:\/\/api.w.org\/{rel}","templated":true}]}}