{"id":39873,"date":"2025-07-04T14:36:48","date_gmt":"2025-07-04T11:36:48","guid":{"rendered":"https:\/\/www.egemtv.com\/?p=39873"},"modified":"2025-07-04T14:36:52","modified_gmt":"2025-07-04T11:36:52","slug":"simavda-yatili-yaz-kuran-kursu-acildi","status":"publish","type":"post","link":"https:\/\/www.egemtv.com\/?p=39873","title":{"rendered":"Simav\u2019da Yat\u0131l\u0131 Yaz Kur\u2019an Kursu a\u00e7\u0131ld\u0131"},"content":{"rendered":"<p>Simav \u0130l\u00e7e M\u00fcft\u00fcl\u00fc\u011f\u00fcne ba\u011fl\u0131 Bo\u011fazk\u00f6y Haf\u0131z Hasan Takak Kur\u2019an Kursu\u2019nda 2025 y\u0131l\u0131 yat\u0131l\u0131 yaz Kur\u2019an kursu a\u00e7\u0131ld\u0131\u011f\u0131 bildirildi.<br \/>\n<br \/>S\u0131n\u0131rl\u0131 say\u0131da ald\u0131klar\u0131 yat\u0131l\u0131 \u00f6\u011frenci kay\u0131tlar\u0131n\u0131n tamamland\u0131\u011f\u0131n\u0131 s\u00f6yleyen Kurs M\u00fcd\u00fcr\u00fc Davut Beydilli, &#8220;Kursumuza gelen \u00e7ocuklar\u0131m\u0131z ilim hayat\u0131na b\u00fcy\u00fck bir ad\u0131m atm\u0131\u015f oldular. \u0130lk g\u00fcn ilim \u00f6\u011frenme yolunda \u00e7ocuklar\u0131n\u0131 kursa getiren velilerimizin heyecan\u0131 g\u00f6r\u00fclmeye de\u011ferdi&#8221; diye konu\u015ftu.<br \/>\n<br \/>\u0130l\u00e7ede Yaz Kur\u2019an Kurslar\u0131n\u0131n camilerde, Kur\u2019an Kurslar\u0131nda b\u00fcy\u00fck bir co\u015fkuyla ba\u015flad\u0131\u011f\u0131n\u0131 ifade eden \u0130l\u00e7e M\u00fcft\u00fc Vekili Hakk\u0131 Bal\u0131, yeni d\u00f6nemin \u00f6\u011frencilere, velilere ve \u00f6\u011freticilere hay\u0131rl\u0131 olmas\u0131n\u0131 diledi.<br \/><\/p>\n","protected":false},"excerpt":{"rendered":"<p>Simav \u0130l\u00e7e M\u00fcft\u00fcl\u00fc\u011f\u00fcne ba\u011fl\u0131 Bo\u011fazk\u00f6y Haf\u0131z Hasan Takak Kur\u2019an Kursu\u2019nda 2025 y\u0131l\u0131 yat\u0131l\u0131 yaz Kur\u2019an kursu a\u00e7\u0131ld\u0131\u011f\u0131 bildirildi. S\u0131n\u0131rl\u0131 say\u0131da ald\u0131klar\u0131 yat\u0131l\u0131 \u00f6\u011frenci kay\u0131tlar\u0131n\u0131n tamamland\u0131\u011f\u0131n\u0131 s\u00f6yleyen Kurs M\u00fcd\u00fcr\u00fc Davut Beydilli, &#8220;Kursumuza gelen \u00e7ocuklar\u0131m\u0131z ilim hayat\u0131na b\u00fcy\u00fck bir ad\u0131m atm\u0131\u015f oldular. \u0130lk g\u00fcn ilim \u00f6\u011frenme yolunda \u00e7ocuklar\u0131n\u0131 kursa getiren velilerimizin heyecan\u0131 g\u00f6r\u00fclmeye de\u011ferdi&#8221; diye konu\u015ftu. \u0130l\u00e7ede&#8230;<\/p>\n","protected":false},"author":1,"featured_media":39874,"comment_status":"open","ping_status":"open","sticky":false,"template":"","format":"standard","meta":{"_crdt_document":"","footnotes":""},"categories":[123],"tags":[],"class_list":["post-39873","post","type-post","status-publish","format-standard","has-post-thumbnail","hentry","category-gundem"],"_links":{"self":[{"href":"https:\/\/www.egemtv.com\/index.php?rest_route=\/wp\/v2\/posts\/39873","targetHints":{"allow":["GET"]}}],"collection":[{"href":"https:\/\/www.egemtv.com\/index.php?rest_route=\/wp\/v2\/posts"}],"about":[{"href":"https:\/\/www.egemtv.com\/index.php?rest_route=\/wp\/v2\/types\/post"}],"author":[{"embeddable":true,"href":"https:\/\/www.egemtv.com\/index.php?rest_route=\/wp\/v2\/users\/1"}],"replies":[{"embeddable":true,"href":"https:\/\/www.egemtv.com\/index.php?rest_route=%2Fwp%2Fv2%2Fcomments&post=39873"}],"version-history":[{"count":1,"href":"https:\/\/www.egemtv.com\/index.php?rest_route=\/wp\/v2\/posts\/39873\/revisions"}],"predecessor-version":[{"id":39875,"href":"https:\/\/www.egemtv.com\/index.php?rest_route=\/wp\/v2\/posts\/39873\/revisions\/39875"}],"wp:featuredmedia":[{"embeddable":true,"href":"https:\/\/www.egemtv.com\/index.php?rest_route=\/wp\/v2\/media\/39874"}],"wp:attachment":[{"href":"https:\/\/www.egemtv.com\/index.php?rest_route=%2Fwp%2Fv2%2Fmedia&parent=39873"}],"wp:term":[{"taxonomy":"category","embeddable":true,"href":"https:\/\/www.egemtv.com\/index.php?rest_route=%2Fwp%2Fv2%2Fcategories&post=39873"},{"taxonomy":"post_tag","embeddable":true,"href":"https:\/\/www.egemtv.com\/index.php?rest_route=%2Fwp%2Fv2%2Ftags&post=39873"}],"curies":[{"name":"wp","href":"https:\/\/api.w.org\/{rel}","templated":true}]}}