{"id":39867,"date":"2025-07-04T13:36:47","date_gmt":"2025-07-04T10:36:47","guid":{"rendered":"https:\/\/www.egemtv.com\/?p=39867"},"modified":"2025-07-04T13:36:49","modified_gmt":"2025-07-04T10:36:49","slug":"baskan-putun-orman-yanarsa-hayat-susar","status":"publish","type":"post","link":"https:\/\/www.egemtv.com\/?p=39867","title":{"rendered":"Ba\u015fkan P\u00fct\u00fcn; &#8220;Orman yanarsa, hayat susar&#8221;"},"content":{"rendered":"<p>DEN\u0130ZL\u0130 (\u0130HA) \u2013 Denizli\u2019nin Beya\u011fa\u00e7 Belediye Ba\u015fkan\u0131 Sezayi P\u00fct\u00fcn, T\u00fcrkiye\u2019nin ci\u011ferlerini s\u00f6nd\u00fcren orman yang\u0131nlar\u0131n\u0131n gelece\u011fi tehdit etti\u011fini belirterek, &#8220;Orman yanarsa, hayat susar&#8221; dedi.<\/p>\n<p>Ba\u015fta \u0130zmir olmak \u00fczere devam eden yang\u0131nlar\u0131n T\u00fcrkiye\u2019nin ci\u011ferlerini s\u00f6nd\u00fcrd\u00fc\u011f\u00fcn\u00fc ifade eden Beya\u011fa\u00e7 Belediye Ba\u015fkan\u0131 Sezayi P\u00fct\u00fcn, yang\u0131nla m\u00fccadele \u015fehit olan orman i\u015f\u00e7isi ve hayat\u0131n\u0131 kaybeden vatanda\u015f i\u00e7in taziyelerini iletti.<\/p>\n<p>Kurakl\u0131k ve y\u00fcksek s\u0131cakl\u0131k nedeniyle riskli bir d\u00f6nem ge\u00e7irildi\u011fini belirten Ba\u015fkan P\u00fct\u00fcn, &#8220;Ormanlar\u0131m\u0131z, sadece a\u011fa\u00e7lardan ibaret de\u011fil; i\u00e7inde binlerce canl\u0131n\u0131n ya\u015fad\u0131\u011f\u0131, nefes ald\u0131\u011f\u0131m\u0131z, suyumuzu temizleyen ve gelece\u011fimizi \u015fekillendiren hayati varl\u0131klard\u0131r. Ne yaz\u0131k ki yaz aylar\u0131n\u0131n gelmesiyle birlikte \u00fclkemizde ve \u00e7evremizde orman yang\u0131nlar\u0131 riski b\u00fcy\u00fck \u00f6l\u00e7\u00fcde artm\u0131\u015f durumda. K\u00fc\u00e7\u00fcc\u00fck bir k\u0131v\u0131lc\u0131m, y\u0131llar boyunca b\u00fcy\u00fctt\u00fc\u011f\u00fcm\u00fcz do\u011fay\u0131 bir anda yok edebiliyor. Bu y\u00fczden t\u00fcm hem\u015fehrilerime \u00e7a\u011fr\u0131md\u0131r, ormanl\u0131k alanlarda kesinlikle ate\u015f yakmayal\u0131m. Cam, plastik, sigara izmariti gibi yan\u0131c\u0131 ve tehlike olu\u015fturabilecek hi\u00e7bir maddeyi do\u011faya b\u0131rakmayal\u0131m. \u015e\u00fcpheli bir durum fark etti\u011finizde zaman kaybetmeden 112 Acil \u00c7a\u011fr\u0131 Merkezi\u2019ni arayal\u0131m. An\u0131z yakmak, piknik alan\u0131 d\u0131\u015f\u0131nda ate\u015fli piknik yapmak hem yasakt\u0131r hem tehlikelidir. Beya\u011fa\u00e7\u2019\u0131m\u0131z e\u015fsiz do\u011fas\u0131 ve ormanlar\u0131yla bizlere miras b\u0131rak\u0131lm\u0131\u015f b\u00fcy\u00fck bir hazinedir. Bu miras\u0131 korumak, yaln\u0131zca bug\u00fcn\u00fc de\u011fil, yar\u0131nlar\u0131m\u0131z\u0131 da g\u00fcvence alt\u0131na almak demektir. Gelin hep birlikte, duyarl\u0131l\u0131kla, bilin\u00e7le hareket edelim. Do\u011fam\u0131z\u0131 koruyal\u0131m, gelece\u011fimizi birlikte savunal\u0131m. Unutmayal\u0131m orman yanarsa, hayat susar&#8221; dedi.<br \/><\/p>\n","protected":false},"excerpt":{"rendered":"<p>DEN\u0130ZL\u0130 (\u0130HA) \u2013 Denizli\u2019nin Beya\u011fa\u00e7 Belediye Ba\u015fkan\u0131 Sezayi P\u00fct\u00fcn, T\u00fcrkiye\u2019nin ci\u011ferlerini s\u00f6nd\u00fcren orman yang\u0131nlar\u0131n\u0131n gelece\u011fi tehdit etti\u011fini belirterek, &#8220;Orman yanarsa, hayat susar&#8221; dedi. Ba\u015fta \u0130zmir olmak \u00fczere devam eden yang\u0131nlar\u0131n T\u00fcrkiye\u2019nin ci\u011ferlerini s\u00f6nd\u00fcrd\u00fc\u011f\u00fcn\u00fc ifade eden Beya\u011fa\u00e7 Belediye Ba\u015fkan\u0131 Sezayi P\u00fct\u00fcn, yang\u0131nla m\u00fccadele \u015fehit olan orman i\u015f\u00e7isi ve hayat\u0131n\u0131 kaybeden vatanda\u015f i\u00e7in taziyelerini iletti. Kurakl\u0131k ve&#8230;<\/p>\n","protected":false},"author":1,"featured_media":39868,"comment_status":"open","ping_status":"open","sticky":false,"template":"","format":"standard","meta":{"_crdt_document":"","footnotes":""},"categories":[1],"tags":[],"class_list":["post-39867","post","type-post","status-publish","format-standard","has-post-thumbnail","hentry","category-guncel"],"_links":{"self":[{"href":"https:\/\/www.egemtv.com\/index.php?rest_route=\/wp\/v2\/posts\/39867","targetHints":{"allow":["GET"]}}],"collection":[{"href":"https:\/\/www.egemtv.com\/index.php?rest_route=\/wp\/v2\/posts"}],"about":[{"href":"https:\/\/www.egemtv.com\/index.php?rest_route=\/wp\/v2\/types\/post"}],"author":[{"embeddable":true,"href":"https:\/\/www.egemtv.com\/index.php?rest_route=\/wp\/v2\/users\/1"}],"replies":[{"embeddable":true,"href":"https:\/\/www.egemtv.com\/index.php?rest_route=%2Fwp%2Fv2%2Fcomments&post=39867"}],"version-history":[{"count":1,"href":"https:\/\/www.egemtv.com\/index.php?rest_route=\/wp\/v2\/posts\/39867\/revisions"}],"predecessor-version":[{"id":39869,"href":"https:\/\/www.egemtv.com\/index.php?rest_route=\/wp\/v2\/posts\/39867\/revisions\/39869"}],"wp:featuredmedia":[{"embeddable":true,"href":"https:\/\/www.egemtv.com\/index.php?rest_route=\/wp\/v2\/media\/39868"}],"wp:attachment":[{"href":"https:\/\/www.egemtv.com\/index.php?rest_route=%2Fwp%2Fv2%2Fmedia&parent=39867"}],"wp:term":[{"taxonomy":"category","embeddable":true,"href":"https:\/\/www.egemtv.com\/index.php?rest_route=%2Fwp%2Fv2%2Fcategories&post=39867"},{"taxonomy":"post_tag","embeddable":true,"href":"https:\/\/www.egemtv.com\/index.php?rest_route=%2Fwp%2Fv2%2Ftags&post=39867"}],"curies":[{"name":"wp","href":"https:\/\/api.w.org\/{rel}","templated":true}]}}