{"id":39864,"date":"2025-07-04T13:16:16","date_gmt":"2025-07-04T10:16:16","guid":{"rendered":"https:\/\/www.egemtv.com\/?p=39864"},"modified":"2025-07-04T13:16:20","modified_gmt":"2025-07-04T10:16:20","slug":"akut-kusadasi-izmirdeki-orman-yanginlarina-mudahale-calismalarina-destek-veriyor","status":"publish","type":"post","link":"https:\/\/www.egemtv.com\/?p=39864","title":{"rendered":"AKUT Ku\u015fadas\u0131, \u0130zmir\u2019deki orman yang\u0131nlar\u0131na m\u00fcdahale \u00e7al\u0131\u015fmalar\u0131na destek veriyor"},"content":{"rendered":"<p>\u0130zmir ve \u00e7evre il\u00e7elerinde g\u00fcnlerdir etkisini s\u00fcrd\u00fcren orman yang\u0131nlar\u0131na m\u00fcdahale \u00e7al\u0131\u015fmalar\u0131 aral\u0131ks\u0131z devam ederken, Ku\u015fadas\u0131 AKUT Operasyon Ekibi de b\u00f6lgedeki s\u00f6nd\u00fcrme faaliyetlerine aktif olarak destek veriyor. \u00d6zellikle \u00c7e\u015fme il\u00e7esine ba\u011fl\u0131 Ild\u0131r Mahallesi ile \u00d6demi\u015f \u00e7evresinde devam eden yang\u0131nlara m\u00fcdahalede g\u00f6rev alan AKUT g\u00f6n\u00fcll\u00fcleri, gece g\u00fcnd\u00fcz demeden alevlere kar\u015f\u0131 m\u00fccadele ediyor.<\/p>\n<p>Ge\u00e7ti\u011fimiz g\u00fcnlerde y\u00fckselen s\u0131cakl\u0131klarla birlikte, Ege B\u00f6lgesi\u2019nin bir\u00e7ok noktas\u0131nda ba\u015flayan orman yang\u0131nlar\u0131, \u0130zmir\u2019in k\u0131rsal b\u00f6lgelerinde ciddi tehdit olu\u015fturmu\u015ftu. Yang\u0131n\u0131n k\u0131sa s\u00fcrede yay\u0131lmas\u0131yla birlikte b\u00f6lgeye \u00e7evre illerden takviye ekipler sevk edilirken, Ku\u015fadas\u0131 AKUT ekibi de operasyonel g\u00fcc\u00fcyle b\u00f6lgedeki \u00e7al\u0131\u015fmalara destek sa\u011flad\u0131.<\/p>\n<p>Yang\u0131n b\u00f6lgesinde zorlu arazi \u015fartlar\u0131, y\u00fcksek s\u0131cakl\u0131k ve duman nedeniyle ekiplerin \u00e7al\u0131\u015fmalar\u0131 olduk\u00e7a g\u00fc\u00e7le\u015firken, AKUT ekipleri yer yer araz\u00f6z ekipleriyle koordineli bir \u015fekilde ilerliyor. Yang\u0131n hatt\u0131na yak\u0131n b\u00f6lgelerde yap\u0131lan \u00e7al\u0131\u015fmalar, sadece alevleri kontrol alt\u0131na almakla s\u0131n\u0131rl\u0131 kalm\u0131yor; ayn\u0131 zamanda muhtemel yay\u0131lma risklerine kar\u015f\u0131 da \u00f6nleyici tedbirler al\u0131nmaya \u00e7al\u0131\u015f\u0131l\u0131yor.<\/p>\n<p>AKUT Ku\u015fadas\u0131 ekibinden yap\u0131lan a\u00e7\u0131klamada, &#8220;Do\u011fa i\u00e7in, ya\u015fam i\u00e7in buraday\u0131z. Yang\u0131n b\u00f6lgesinde olan t\u00fcm canl\u0131lar\u0131n ya\u015fam hakk\u0131 i\u00e7in elimizden gelenin fazlas\u0131n\u0131 yapmaya devam edece\u011fiz. Bu m\u00fccadelede eme\u011fi ge\u00e7en t\u00fcm kurumlara, g\u00f6n\u00fcll\u00fclere ve vatanda\u015flara te\u015fekk\u00fcr ediyoruz&#8221; ifadelerine yer verildi.<br \/><\/p>\n","protected":false},"excerpt":{"rendered":"<p>\u0130zmir ve \u00e7evre il\u00e7elerinde g\u00fcnlerdir etkisini s\u00fcrd\u00fcren orman yang\u0131nlar\u0131na m\u00fcdahale \u00e7al\u0131\u015fmalar\u0131 aral\u0131ks\u0131z devam ederken, Ku\u015fadas\u0131 AKUT Operasyon Ekibi de b\u00f6lgedeki s\u00f6nd\u00fcrme faaliyetlerine aktif olarak destek veriyor. \u00d6zellikle \u00c7e\u015fme il\u00e7esine ba\u011fl\u0131 Ild\u0131r Mahallesi ile \u00d6demi\u015f \u00e7evresinde devam eden yang\u0131nlara m\u00fcdahalede g\u00f6rev alan AKUT g\u00f6n\u00fcll\u00fcleri, gece g\u00fcnd\u00fcz demeden alevlere kar\u015f\u0131 m\u00fccadele ediyor. Ge\u00e7ti\u011fimiz g\u00fcnlerde y\u00fckselen s\u0131cakl\u0131klarla birlikte,&#8230;<\/p>\n","protected":false},"author":1,"featured_media":39865,"comment_status":"open","ping_status":"open","sticky":false,"template":"","format":"standard","meta":{"_crdt_document":"","footnotes":""},"categories":[1],"tags":[],"class_list":["post-39864","post","type-post","status-publish","format-standard","has-post-thumbnail","hentry","category-guncel"],"_links":{"self":[{"href":"https:\/\/www.egemtv.com\/index.php?rest_route=\/wp\/v2\/posts\/39864","targetHints":{"allow":["GET"]}}],"collection":[{"href":"https:\/\/www.egemtv.com\/index.php?rest_route=\/wp\/v2\/posts"}],"about":[{"href":"https:\/\/www.egemtv.com\/index.php?rest_route=\/wp\/v2\/types\/post"}],"author":[{"embeddable":true,"href":"https:\/\/www.egemtv.com\/index.php?rest_route=\/wp\/v2\/users\/1"}],"replies":[{"embeddable":true,"href":"https:\/\/www.egemtv.com\/index.php?rest_route=%2Fwp%2Fv2%2Fcomments&post=39864"}],"version-history":[{"count":1,"href":"https:\/\/www.egemtv.com\/index.php?rest_route=\/wp\/v2\/posts\/39864\/revisions"}],"predecessor-version":[{"id":39866,"href":"https:\/\/www.egemtv.com\/index.php?rest_route=\/wp\/v2\/posts\/39864\/revisions\/39866"}],"wp:featuredmedia":[{"embeddable":true,"href":"https:\/\/www.egemtv.com\/index.php?rest_route=\/wp\/v2\/media\/39865"}],"wp:attachment":[{"href":"https:\/\/www.egemtv.com\/index.php?rest_route=%2Fwp%2Fv2%2Fmedia&parent=39864"}],"wp:term":[{"taxonomy":"category","embeddable":true,"href":"https:\/\/www.egemtv.com\/index.php?rest_route=%2Fwp%2Fv2%2Fcategories&post=39864"},{"taxonomy":"post_tag","embeddable":true,"href":"https:\/\/www.egemtv.com\/index.php?rest_route=%2Fwp%2Fv2%2Ftags&post=39864"}],"curies":[{"name":"wp","href":"https:\/\/api.w.org\/{rel}","templated":true}]}}