{"id":39861,"date":"2025-07-04T13:16:13","date_gmt":"2025-07-04T10:16:13","guid":{"rendered":"https:\/\/www.egemtv.com\/?p=39861"},"modified":"2025-07-04T13:16:16","modified_gmt":"2025-07-04T10:16:16","slug":"denizlinin-desteksiz-pehlivani-hamza-kirkpinarda-er-meydanina-cikiyor","status":"publish","type":"post","link":"https:\/\/www.egemtv.com\/?p=39861","title":{"rendered":"Denizli\u2019nin desteksiz pehlivan\u0131 Hamza, K\u0131rkp\u0131nar\u2019da er meydan\u0131na \u00e7\u0131k\u0131yor"},"content":{"rendered":"<p>DEN\u0130ZL\u0130 (\u0130HA) \u2013 Denizli\u2019de eski ba\u015falt\u0131 pehlivan\u0131 olan babas\u0131n\u0131n antren\u00f6rl\u00fc\u011f\u00fcnde \u00e7al\u0131\u015fan 14 ya\u015f\u0131ndaki Hamza, 664. K\u0131rkp\u0131nar Ya\u011fl\u0131 G\u00fcre\u015flerinde er meydan\u0131na \u00e7\u0131kacak. Hi\u00e7bir destek olmadan g\u00fcre\u015flere haz\u0131rlanan Hamza, ailesinin eski model arac\u0131nda yat\u0131p kalk\u0131yor.<\/p>\n<p>Denizli\u2019de hi\u00e7bir destek bulamay\u0131nca eski ba\u015falt\u0131 pehlivan\u0131 olan babas\u0131 Ra\u015fit Aysel\u2019in antren\u00f6rl\u00fc\u011f\u00fcnde \u00e7al\u0131\u015fmalar\u0131n\u0131 s\u00fcrd\u00fcren 14 ya\u015f\u0131ndaki Hamza Aysel, bu y\u0131l 30 Haziran-6 Temmuz 2025 tarihlerinde d\u00fczenlenecek olan 664. K\u0131rkp\u0131nar Ya\u011fl\u0131 G\u00fcre\u015fleri Festivalinde er meydan\u0131na \u00e7\u0131kmaya hak kazand\u0131. Ailesinin eski model arabas\u0131yla Edirne\u2019ye giden g\u00fcre\u015f\u00e7i ve babas\u0131, araban\u0131n arkas\u0131na serdikleri yatak ve yorganlarda dinleniyor.<\/p>\n<p>\u015eehir d\u0131\u015f\u0131nda kat\u0131ld\u0131\u011f\u0131 t\u00fcm m\u00fcsabakalara bu \u015fekilde gidip gelen Hamza Aysel, Denizli\u2019de hi\u00e7 bir belediyeden veya hi\u00e7bir kurumdan destek almadan ata sporunda ilerlemeye \u00e7al\u0131\u015f\u0131yor. Daha 4 ya\u015f\u0131nda babas\u0131yla g\u00fcre\u015fe ba\u015flayan Hamza\u2019ya bir ka\u00e7 g\u00fcre\u015f sever ufak tefek ellerinden geldi\u011fince yard\u0131mc\u0131 olmaya \u00e7al\u0131\u015f\u0131yor.<\/p>\n<p>Denizli ad\u0131n\u0131n her yerde duyulmas\u0131 i\u00e7in zor \u015fartlar alt\u0131nda \u00e7al\u0131\u015ft\u0131klar\u0131n\u0131 ifade eden baba Ra\u015fit Aysel, &#8220;Denizli belediyeleri b\u00f6yle ba\u015far\u0131l\u0131 \u00e7ocuklara neden yard\u0131mc\u0131 olmaz veya Denizli\u2019nin isminin duyurulmas\u0131n\u0131 istemez. K\u00fc\u00e7\u00fck \u00e7apl\u0131 desteklerimiz var ancak yeterli de\u011fil, mutla belediyelerden destek bekliyoruz. \u0130n\u015fallah o\u011flum K\u0131rkp\u0131nar\u2019da ba\u015far\u0131l\u0131 olacak ve Denizli\u2019yi bundan sonra da en iyi \u015fekilde temsil etmeye \u00e7al\u0131\u015facak&#8221; dedi.<br \/><\/p>\n","protected":false},"excerpt":{"rendered":"<p>DEN\u0130ZL\u0130 (\u0130HA) \u2013 Denizli\u2019de eski ba\u015falt\u0131 pehlivan\u0131 olan babas\u0131n\u0131n antren\u00f6rl\u00fc\u011f\u00fcnde \u00e7al\u0131\u015fan 14 ya\u015f\u0131ndaki Hamza, 664. K\u0131rkp\u0131nar Ya\u011fl\u0131 G\u00fcre\u015flerinde er meydan\u0131na \u00e7\u0131kacak. Hi\u00e7bir destek olmadan g\u00fcre\u015flere haz\u0131rlanan Hamza, ailesinin eski model arac\u0131nda yat\u0131p kalk\u0131yor. Denizli\u2019de hi\u00e7bir destek bulamay\u0131nca eski ba\u015falt\u0131 pehlivan\u0131 olan babas\u0131 Ra\u015fit Aysel\u2019in antren\u00f6rl\u00fc\u011f\u00fcnde \u00e7al\u0131\u015fmalar\u0131n\u0131 s\u00fcrd\u00fcren 14 ya\u015f\u0131ndaki Hamza Aysel, bu y\u0131l 30 Haziran-6&#8230;<\/p>\n","protected":false},"author":1,"featured_media":39862,"comment_status":"open","ping_status":"open","sticky":false,"template":"","format":"standard","meta":{"_crdt_document":"","footnotes":""},"categories":[4],"tags":[],"class_list":["post-39861","post","type-post","status-publish","format-standard","has-post-thumbnail","hentry","category-spor"],"_links":{"self":[{"href":"https:\/\/www.egemtv.com\/index.php?rest_route=\/wp\/v2\/posts\/39861","targetHints":{"allow":["GET"]}}],"collection":[{"href":"https:\/\/www.egemtv.com\/index.php?rest_route=\/wp\/v2\/posts"}],"about":[{"href":"https:\/\/www.egemtv.com\/index.php?rest_route=\/wp\/v2\/types\/post"}],"author":[{"embeddable":true,"href":"https:\/\/www.egemtv.com\/index.php?rest_route=\/wp\/v2\/users\/1"}],"replies":[{"embeddable":true,"href":"https:\/\/www.egemtv.com\/index.php?rest_route=%2Fwp%2Fv2%2Fcomments&post=39861"}],"version-history":[{"count":1,"href":"https:\/\/www.egemtv.com\/index.php?rest_route=\/wp\/v2\/posts\/39861\/revisions"}],"predecessor-version":[{"id":39863,"href":"https:\/\/www.egemtv.com\/index.php?rest_route=\/wp\/v2\/posts\/39861\/revisions\/39863"}],"wp:featuredmedia":[{"embeddable":true,"href":"https:\/\/www.egemtv.com\/index.php?rest_route=\/wp\/v2\/media\/39862"}],"wp:attachment":[{"href":"https:\/\/www.egemtv.com\/index.php?rest_route=%2Fwp%2Fv2%2Fmedia&parent=39861"}],"wp:term":[{"taxonomy":"category","embeddable":true,"href":"https:\/\/www.egemtv.com\/index.php?rest_route=%2Fwp%2Fv2%2Fcategories&post=39861"},{"taxonomy":"post_tag","embeddable":true,"href":"https:\/\/www.egemtv.com\/index.php?rest_route=%2Fwp%2Fv2%2Ftags&post=39861"}],"curies":[{"name":"wp","href":"https:\/\/api.w.org\/{rel}","templated":true}]}}