{"id":39858,"date":"2025-07-04T12:55:37","date_gmt":"2025-07-04T09:55:37","guid":{"rendered":"https:\/\/www.egemtv.com\/?p=39858"},"modified":"2025-07-04T12:55:40","modified_gmt":"2025-07-04T09:55:40","slug":"tavsanlida-trafik-kazasi-1-yarali-8","status":"publish","type":"post","link":"https:\/\/www.egemtv.com\/?p=39858","title":{"rendered":"Tav\u015fanl\u0131\u2019da trafik kazas\u0131: 1 yaral\u0131"},"content":{"rendered":"<p>K\u00fctahya\u2019n\u0131n Tav\u015fanl\u0131 il\u00e7esinde meydana gelen trafik kazas\u0131nda 1 ki\u015fi yaraland\u0131.<br \/>\n<br \/>Kaza, Yeni Mahalle \u00c7evre Yolu \u00fczerinde meydana geldi. Edinilen bilgilere g\u00f6re, Emir K. (14) idaresindeki 43 AHK 018 plakal\u0131 elektrikli motosiklet, seyir halindeyken duran Ramazan T. idaresindeki 43 AFY 128 plakal\u0131 minib\u00fcse arkadan \u00e7arpt\u0131. \u00c7arpman\u0131n etkisiyle elektrikli motosiklet s\u00fcr\u00fcc\u00fcs\u00fc yaraland\u0131. Olay yerine \u00e7a\u011fr\u0131lan 112 Acil Servis ekibi, yaral\u0131 s\u00fcr\u00fcc\u00fcye olay yerinde ilk m\u00fcdahalenin ard\u0131ndan Tav\u015fanl\u0131 Do\u00e7. Dr. Mustafa Kalemli Devlet Hastanesi\u2019ne sevk etti.<br \/>\n<br \/>Kazayla ilgili soru\u015fturma ba\u015flat\u0131ld\u0131.<br \/><\/p>\n","protected":false},"excerpt":{"rendered":"<p>K\u00fctahya\u2019n\u0131n Tav\u015fanl\u0131 il\u00e7esinde meydana gelen trafik kazas\u0131nda 1 ki\u015fi yaraland\u0131. Kaza, Yeni Mahalle \u00c7evre Yolu \u00fczerinde meydana geldi. Edinilen bilgilere g\u00f6re, Emir K. (14) idaresindeki 43 AHK 018 plakal\u0131 elektrikli motosiklet, seyir halindeyken duran Ramazan T. idaresindeki 43 AFY 128 plakal\u0131 minib\u00fcse arkadan \u00e7arpt\u0131. \u00c7arpman\u0131n etkisiyle elektrikli motosiklet s\u00fcr\u00fcc\u00fcs\u00fc yaraland\u0131. Olay yerine \u00e7a\u011fr\u0131lan 112 Acil&#8230;<\/p>\n","protected":false},"author":1,"featured_media":39859,"comment_status":"open","ping_status":"open","sticky":false,"template":"","format":"standard","meta":{"_crdt_document":"","footnotes":""},"categories":[5],"tags":[],"class_list":["post-39858","post","type-post","status-publish","format-standard","has-post-thumbnail","hentry","category-asayis"],"_links":{"self":[{"href":"https:\/\/www.egemtv.com\/index.php?rest_route=\/wp\/v2\/posts\/39858","targetHints":{"allow":["GET"]}}],"collection":[{"href":"https:\/\/www.egemtv.com\/index.php?rest_route=\/wp\/v2\/posts"}],"about":[{"href":"https:\/\/www.egemtv.com\/index.php?rest_route=\/wp\/v2\/types\/post"}],"author":[{"embeddable":true,"href":"https:\/\/www.egemtv.com\/index.php?rest_route=\/wp\/v2\/users\/1"}],"replies":[{"embeddable":true,"href":"https:\/\/www.egemtv.com\/index.php?rest_route=%2Fwp%2Fv2%2Fcomments&post=39858"}],"version-history":[{"count":1,"href":"https:\/\/www.egemtv.com\/index.php?rest_route=\/wp\/v2\/posts\/39858\/revisions"}],"predecessor-version":[{"id":39860,"href":"https:\/\/www.egemtv.com\/index.php?rest_route=\/wp\/v2\/posts\/39858\/revisions\/39860"}],"wp:featuredmedia":[{"embeddable":true,"href":"https:\/\/www.egemtv.com\/index.php?rest_route=\/wp\/v2\/media\/39859"}],"wp:attachment":[{"href":"https:\/\/www.egemtv.com\/index.php?rest_route=%2Fwp%2Fv2%2Fmedia&parent=39858"}],"wp:term":[{"taxonomy":"category","embeddable":true,"href":"https:\/\/www.egemtv.com\/index.php?rest_route=%2Fwp%2Fv2%2Fcategories&post=39858"},{"taxonomy":"post_tag","embeddable":true,"href":"https:\/\/www.egemtv.com\/index.php?rest_route=%2Fwp%2Fv2%2Ftags&post=39858"}],"curies":[{"name":"wp","href":"https:\/\/api.w.org\/{rel}","templated":true}]}}