{"id":39855,"date":"2025-07-04T12:55:33","date_gmt":"2025-07-04T09:55:33","guid":{"rendered":"https:\/\/www.egemtv.com\/?p=39855"},"modified":"2025-07-04T12:55:37","modified_gmt":"2025-07-04T09:55:37","slug":"baskan-cercioglu-muhtarlari-agirladi","status":"publish","type":"post","link":"https:\/\/www.egemtv.com\/?p=39855","title":{"rendered":"Ba\u015fkan \u00c7er\u00e7io\u011flu muhtarlar\u0131 a\u011f\u0131rlad\u0131"},"content":{"rendered":"<p>Ayd\u0131n B\u00fcy\u00fck\u015fehir Belediye Ba\u015fkan\u0131 \u00d6zlem \u00c7er\u00e7io\u011flu, \u0130ncirliova il\u00e7esinde g\u00f6rev yapan mahalle muhtarlar\u0131yla bir araya geldi.<\/p>\n<p>Toplant\u0131da \u0130ncirliova\u2019n\u0131n mevcut ihtiya\u00e7lar\u0131, mahallelerde y\u00fcr\u00fct\u00fclen \u00e7al\u0131\u015fmalar ve \u00f6n\u00fcm\u00fczdeki d\u00f6nemde hayata ge\u00e7irilmesi planlanan projeler ele al\u0131nd\u0131.   Toplant\u0131n\u0131n ard\u0131ndan a\u00e7\u0131klamada bulunan Ba\u015fkan \u00c7er\u00e7io\u011flu, &#8220;Muhtarlar\u0131m\u0131z bizim mahallelerdeki g\u00f6z\u00fcm\u00fcz, kula\u011f\u0131m\u0131z. Bug\u00fcn \u0130ncirliova\u2019daki muhtarlar\u0131m\u0131zla \u00e7ok verimli bir toplant\u0131 ger\u00e7ekle\u015ftirdik. Her bir mahallemizin \u00f6nceliklerini, ihtiya\u00e7lar\u0131n\u0131 birinci a\u011f\u0131zdan dinledik. Sorunlar\u0131 ortak ak\u0131lla \u00e7\u00f6z\u00fcyor, projeleri birlikte hayata ge\u00e7iriyoruz. Biz Ayd\u0131n\u2019\u0131 birlikte y\u00f6netiyoruz, birlikte b\u00fcy\u00fct\u00fcyoruz&#8221; dedi.<\/p>\n<p>Ba\u015fkan \u00c7er\u00e7io\u011flu mahallelerde y\u00fcr\u00fct\u00fclen alt ve \u00fcstyap\u0131 \u00e7al\u0131\u015fmalar\u0131n\u0131n aral\u0131ks\u0131z s\u00fcrd\u00fc\u011f\u00fcn\u00fc ve vatanda\u015flar\u0131n ya\u015fam kalitesini art\u0131rmaya y\u00f6nelik yat\u0131r\u0131mlar\u0131n \u00f6n\u00fcm\u00fczdeki s\u00fcre\u00e7te de h\u0131z kesmeden devam edece\u011fini belirtti.<br \/><\/p>\n","protected":false},"excerpt":{"rendered":"<p>Ayd\u0131n B\u00fcy\u00fck\u015fehir Belediye Ba\u015fkan\u0131 \u00d6zlem \u00c7er\u00e7io\u011flu, \u0130ncirliova il\u00e7esinde g\u00f6rev yapan mahalle muhtarlar\u0131yla bir araya geldi. Toplant\u0131da \u0130ncirliova\u2019n\u0131n mevcut ihtiya\u00e7lar\u0131, mahallelerde y\u00fcr\u00fct\u00fclen \u00e7al\u0131\u015fmalar ve \u00f6n\u00fcm\u00fczdeki d\u00f6nemde hayata ge\u00e7irilmesi planlanan projeler ele al\u0131nd\u0131. Toplant\u0131n\u0131n ard\u0131ndan a\u00e7\u0131klamada bulunan Ba\u015fkan \u00c7er\u00e7io\u011flu, &#8220;Muhtarlar\u0131m\u0131z bizim mahallelerdeki g\u00f6z\u00fcm\u00fcz, kula\u011f\u0131m\u0131z. Bug\u00fcn \u0130ncirliova\u2019daki muhtarlar\u0131m\u0131zla \u00e7ok verimli bir toplant\u0131 ger\u00e7ekle\u015ftirdik. Her bir mahallemizin \u00f6nceliklerini, ihtiya\u00e7lar\u0131n\u0131&#8230;<\/p>\n","protected":false},"author":1,"featured_media":39856,"comment_status":"open","ping_status":"open","sticky":false,"template":"","format":"standard","meta":{"_crdt_document":"","footnotes":""},"categories":[1],"tags":[],"class_list":["post-39855","post","type-post","status-publish","format-standard","has-post-thumbnail","hentry","category-guncel"],"_links":{"self":[{"href":"https:\/\/www.egemtv.com\/index.php?rest_route=\/wp\/v2\/posts\/39855","targetHints":{"allow":["GET"]}}],"collection":[{"href":"https:\/\/www.egemtv.com\/index.php?rest_route=\/wp\/v2\/posts"}],"about":[{"href":"https:\/\/www.egemtv.com\/index.php?rest_route=\/wp\/v2\/types\/post"}],"author":[{"embeddable":true,"href":"https:\/\/www.egemtv.com\/index.php?rest_route=\/wp\/v2\/users\/1"}],"replies":[{"embeddable":true,"href":"https:\/\/www.egemtv.com\/index.php?rest_route=%2Fwp%2Fv2%2Fcomments&post=39855"}],"version-history":[{"count":1,"href":"https:\/\/www.egemtv.com\/index.php?rest_route=\/wp\/v2\/posts\/39855\/revisions"}],"predecessor-version":[{"id":39857,"href":"https:\/\/www.egemtv.com\/index.php?rest_route=\/wp\/v2\/posts\/39855\/revisions\/39857"}],"wp:featuredmedia":[{"embeddable":true,"href":"https:\/\/www.egemtv.com\/index.php?rest_route=\/wp\/v2\/media\/39856"}],"wp:attachment":[{"href":"https:\/\/www.egemtv.com\/index.php?rest_route=%2Fwp%2Fv2%2Fmedia&parent=39855"}],"wp:term":[{"taxonomy":"category","embeddable":true,"href":"https:\/\/www.egemtv.com\/index.php?rest_route=%2Fwp%2Fv2%2Fcategories&post=39855"},{"taxonomy":"post_tag","embeddable":true,"href":"https:\/\/www.egemtv.com\/index.php?rest_route=%2Fwp%2Fv2%2Ftags&post=39855"}],"curies":[{"name":"wp","href":"https:\/\/api.w.org\/{rel}","templated":true}]}}