{"id":39849,"date":"2025-07-04T12:36:12","date_gmt":"2025-07-04T09:36:12","guid":{"rendered":"https:\/\/www.egemtv.com\/?p=39849"},"modified":"2025-07-04T12:36:16","modified_gmt":"2025-07-04T09:36:16","slug":"aliagada-alevler-icinde-kalan-tanker-gemi-bu-sabah-sondurulebildi","status":"publish","type":"post","link":"https:\/\/www.egemtv.com\/?p=39849","title":{"rendered":"Alia\u011fa\u2019da alevler i\u00e7inde kalan tanker gemi bu sabah s\u00f6nd\u00fcr\u00fclebildi"},"content":{"rendered":"<p>\u0130zmir\u2019in Alia\u011fa il\u00e7esinde Gemi Geri D\u00f6n\u00fc\u015f\u00fcm Tesisleri\u2019nde s\u00f6k\u00fcm\u00fc devam eden Sloug adl\u0131 tanker gemide \u00e7\u0131kan yang\u0131n, karadan ve denizden yap\u0131lan m\u00fcdahale ile bu sabah tamamen s\u00f6nd\u00fcr\u00fcld\u00fc.<br \/>\n<br \/>Gemi geri d\u00f6n\u00fc\u015f\u00fcm sahas\u0131nda bulunan hurdaya ayr\u0131lm\u0131\u015f Sloug adl\u0131 tanker gemisinde d\u00fcn saat 11.00 s\u0131ralar\u0131nda yang\u0131n \u00e7\u0131kt\u0131. Alevlerin k\u0131sa s\u00fcrede b\u00fcy\u00fcmesi \u00fczerine hem karadan hem de denizden yo\u011fun m\u00fcdahale ba\u015flat\u0131ld\u0131. Yang\u0131nla birlikte b\u00f6lge g\u00f6ky\u00fcz\u00fcn\u00fc kaplayan siyah dumanlarla kapland\u0131. Dumanlar Karaburun il\u00e7esinden dahi g\u00f6r\u00fcld\u00fc. \u0130tfaiye ekipleri ile birlikte denizden 6 yang\u0131n s\u00f6nd\u00fcrme r\u00f6mork\u00f6r\u00fc yang\u0131na m\u00fcdahale etti. Gece boyunca s\u00fcren m\u00fcdahalede yang\u0131n\u0131n geminin farkl\u0131 b\u00f6l\u00fcmlerine yay\u0131lmas\u0131 engellendi. Yakla\u015f\u0131k 16 saat s\u00fcren aral\u0131ks\u0131z \u00e7al\u0131\u015fman\u0131n ard\u0131ndan alevler sabaha kar\u015f\u0131 kontrol alt\u0131na al\u0131nd\u0131. So\u011futma \u00e7al\u0131\u015fmalar\u0131 devam ediyor.<br \/><\/p>\n","protected":false},"excerpt":{"rendered":"<p>\u0130zmir\u2019in Alia\u011fa il\u00e7esinde Gemi Geri D\u00f6n\u00fc\u015f\u00fcm Tesisleri\u2019nde s\u00f6k\u00fcm\u00fc devam eden Sloug adl\u0131 tanker gemide \u00e7\u0131kan yang\u0131n, karadan ve denizden yap\u0131lan m\u00fcdahale ile bu sabah tamamen s\u00f6nd\u00fcr\u00fcld\u00fc. Gemi geri d\u00f6n\u00fc\u015f\u00fcm sahas\u0131nda bulunan hurdaya ayr\u0131lm\u0131\u015f Sloug adl\u0131 tanker gemisinde d\u00fcn saat 11.00 s\u0131ralar\u0131nda yang\u0131n \u00e7\u0131kt\u0131. Alevlerin k\u0131sa s\u00fcrede b\u00fcy\u00fcmesi \u00fczerine hem karadan hem de denizden yo\u011fun m\u00fcdahale&#8230;<\/p>\n","protected":false},"author":1,"featured_media":39850,"comment_status":"open","ping_status":"open","sticky":false,"template":"","format":"standard","meta":{"_crdt_document":"","footnotes":""},"categories":[5],"tags":[],"class_list":["post-39849","post","type-post","status-publish","format-standard","has-post-thumbnail","hentry","category-asayis"],"_links":{"self":[{"href":"https:\/\/www.egemtv.com\/index.php?rest_route=\/wp\/v2\/posts\/39849","targetHints":{"allow":["GET"]}}],"collection":[{"href":"https:\/\/www.egemtv.com\/index.php?rest_route=\/wp\/v2\/posts"}],"about":[{"href":"https:\/\/www.egemtv.com\/index.php?rest_route=\/wp\/v2\/types\/post"}],"author":[{"embeddable":true,"href":"https:\/\/www.egemtv.com\/index.php?rest_route=\/wp\/v2\/users\/1"}],"replies":[{"embeddable":true,"href":"https:\/\/www.egemtv.com\/index.php?rest_route=%2Fwp%2Fv2%2Fcomments&post=39849"}],"version-history":[{"count":1,"href":"https:\/\/www.egemtv.com\/index.php?rest_route=\/wp\/v2\/posts\/39849\/revisions"}],"predecessor-version":[{"id":39851,"href":"https:\/\/www.egemtv.com\/index.php?rest_route=\/wp\/v2\/posts\/39849\/revisions\/39851"}],"wp:featuredmedia":[{"embeddable":true,"href":"https:\/\/www.egemtv.com\/index.php?rest_route=\/wp\/v2\/media\/39850"}],"wp:attachment":[{"href":"https:\/\/www.egemtv.com\/index.php?rest_route=%2Fwp%2Fv2%2Fmedia&parent=39849"}],"wp:term":[{"taxonomy":"category","embeddable":true,"href":"https:\/\/www.egemtv.com\/index.php?rest_route=%2Fwp%2Fv2%2Fcategories&post=39849"},{"taxonomy":"post_tag","embeddable":true,"href":"https:\/\/www.egemtv.com\/index.php?rest_route=%2Fwp%2Fv2%2Ftags&post=39849"}],"curies":[{"name":"wp","href":"https:\/\/api.w.org\/{rel}","templated":true}]}}