{"id":39846,"date":"2025-07-04T12:36:10","date_gmt":"2025-07-04T09:36:10","guid":{"rendered":"https:\/\/www.egemtv.com\/?p=39846"},"modified":"2025-07-04T12:36:12","modified_gmt":"2025-07-04T09:36:12","slug":"engelsiz-kuran-kursunda-asure-etkinligi","status":"publish","type":"post","link":"https:\/\/www.egemtv.com\/?p=39846","title":{"rendered":"Engelsiz Kur\u2019an Kursunda a\u015fure etkinli\u011fi"},"content":{"rendered":"<p>Afyonkarahisar \u0130l M\u00fcft\u00fcl\u00fc\u011f\u00fc b\u00fcnyesinde hizmet veren Engelsiz Kad\u0131n, Erkek ve 4-6 Ya\u015f Kur\u2019an Kursunda e\u011fitim g\u00f6ren kursiyerlere y\u00f6nelik a\u015fure etkinli\u011fi d\u00fczenlendi.<br \/>\n<br \/>Etkinlik \u0130l M\u00fcft\u00fcl\u00fc\u011f\u00fc Engelli Koordinat\u00f6rleri \u0130smail Ayd\u0131n, Hanife Turguteli ve 4-6 Ya\u015f Kur\u2019an Kursu \u00d6\u011freticisi Nesibe Ta\u015fdemir \u00f6nc\u00fcl\u00fc\u011f\u00fcnde a\u015fure etkinli\u011fi d\u00fczenlendi. Etkinli\u011fe \u0130l M\u00fcft\u00fc Vekili Mevl\u00fct \u015eahiner, \u015eube M\u00fcd\u00fcrleri Salih Elmas, Muhammed Yeler, T\u00fcrkiye Sakatlar Derne\u011fi Afyonkarahisar \u015eube Ba\u015fkan\u0131 Faruk \u00d6zkara, Beyaz Ay Derne\u011fi Afyonkarahisar \u015eube Ba\u015fkan\u0131 Fatma Kilci Kavas, Kursiyerler ve aileleri kat\u0131ld\u0131.<br \/>\n<br \/>Program kursiyer Arda Yi\u011fit Eski\u2019nin Kur\u2019an tilaveti, \u0130l M\u00fcft\u00fc Vekili Mevl\u00fct \u015eahiner\u2019in sohbeti, 4-6 Ya\u015f Kur\u2019an Kursu \u00f6\u011frencilerinin sure ve dua okumalar\u0131, akabinde \u015eube M\u00fcd\u00fcr\u00fc Salih Elmas\u2019\u0131n duas\u0131 ile sona erdi.<br \/><\/p>\n","protected":false},"excerpt":{"rendered":"<p>Afyonkarahisar \u0130l M\u00fcft\u00fcl\u00fc\u011f\u00fc b\u00fcnyesinde hizmet veren Engelsiz Kad\u0131n, Erkek ve 4-6 Ya\u015f Kur\u2019an Kursunda e\u011fitim g\u00f6ren kursiyerlere y\u00f6nelik a\u015fure etkinli\u011fi d\u00fczenlendi. Etkinlik \u0130l M\u00fcft\u00fcl\u00fc\u011f\u00fc Engelli Koordinat\u00f6rleri \u0130smail Ayd\u0131n, Hanife Turguteli ve 4-6 Ya\u015f Kur\u2019an Kursu \u00d6\u011freticisi Nesibe Ta\u015fdemir \u00f6nc\u00fcl\u00fc\u011f\u00fcnde a\u015fure etkinli\u011fi d\u00fczenlendi. Etkinli\u011fe \u0130l M\u00fcft\u00fc Vekili Mevl\u00fct \u015eahiner, \u015eube M\u00fcd\u00fcrleri Salih Elmas, Muhammed Yeler, T\u00fcrkiye&#8230;<\/p>\n","protected":false},"author":1,"featured_media":39847,"comment_status":"open","ping_status":"open","sticky":false,"template":"","format":"standard","meta":{"_crdt_document":"","footnotes":""},"categories":[1],"tags":[],"class_list":["post-39846","post","type-post","status-publish","format-standard","has-post-thumbnail","hentry","category-guncel"],"_links":{"self":[{"href":"https:\/\/www.egemtv.com\/index.php?rest_route=\/wp\/v2\/posts\/39846","targetHints":{"allow":["GET"]}}],"collection":[{"href":"https:\/\/www.egemtv.com\/index.php?rest_route=\/wp\/v2\/posts"}],"about":[{"href":"https:\/\/www.egemtv.com\/index.php?rest_route=\/wp\/v2\/types\/post"}],"author":[{"embeddable":true,"href":"https:\/\/www.egemtv.com\/index.php?rest_route=\/wp\/v2\/users\/1"}],"replies":[{"embeddable":true,"href":"https:\/\/www.egemtv.com\/index.php?rest_route=%2Fwp%2Fv2%2Fcomments&post=39846"}],"version-history":[{"count":1,"href":"https:\/\/www.egemtv.com\/index.php?rest_route=\/wp\/v2\/posts\/39846\/revisions"}],"predecessor-version":[{"id":39848,"href":"https:\/\/www.egemtv.com\/index.php?rest_route=\/wp\/v2\/posts\/39846\/revisions\/39848"}],"wp:featuredmedia":[{"embeddable":true,"href":"https:\/\/www.egemtv.com\/index.php?rest_route=\/wp\/v2\/media\/39847"}],"wp:attachment":[{"href":"https:\/\/www.egemtv.com\/index.php?rest_route=%2Fwp%2Fv2%2Fmedia&parent=39846"}],"wp:term":[{"taxonomy":"category","embeddable":true,"href":"https:\/\/www.egemtv.com\/index.php?rest_route=%2Fwp%2Fv2%2Fcategories&post=39846"},{"taxonomy":"post_tag","embeddable":true,"href":"https:\/\/www.egemtv.com\/index.php?rest_route=%2Fwp%2Fv2%2Ftags&post=39846"}],"curies":[{"name":"wp","href":"https:\/\/api.w.org\/{rel}","templated":true}]}}