{"id":39843,"date":"2025-07-04T12:16:40","date_gmt":"2025-07-04T09:16:40","guid":{"rendered":"https:\/\/www.egemtv.com\/?p=39843"},"modified":"2025-07-04T12:16:45","modified_gmt":"2025-07-04T09:16:45","slug":"karateciler-denizliden-madalyalar-ile-dondu","status":"publish","type":"post","link":"https:\/\/www.egemtv.com\/?p=39843","title":{"rendered":"Karateciler Denizli\u2019den madalyalar ile d\u00f6nd\u00fc"},"content":{"rendered":"<p>Denizli\u2019de ger\u00e7ekle\u015ftirilen Anadolu Y\u0131ld\u0131zlar Ligi (ANAL\u0130G) Karate Grup M\u00fcsabakalar\u0131nda Afyonkarahisarl\u0131 sporcular madalya kazand\u0131.<br \/>\n<br \/>Etkinlikte Afyonkarahisar\u2019\u0131 temsil eden sporcular, sergiledikleri \u00fcst\u00fcn performanslarla dikkat \u00e7ekerek \u00f6nemli dereceler elde ettiler. Yar\u0131\u015fmada Ebrar Y\u0131ld\u0131r\u0131m 42 kilgoram kategorisinde g\u00f6sterdi\u011fi ba\u015far\u0131l\u0131 performansla birinci olup alt\u0131n madalya kazand\u0131. Hatice Y\u0131lmaz kata bran\u015f\u0131nda 2\u2019inci olarak g\u00fcm\u00fc\u015f madalyan\u0131n sahibi oldu.<br \/>\n<br \/>Nurbet\u00fcl Ayk\u0131n, 46 kilogram kategorisinde 3\u2019\u00fcnc\u00fc olarak bronz madalya elde etti. Fatma Bet\u00fcl Ko\u00e7yi\u011fit, 30 kilogram kategorisinde 3\u2019\u00fcnc\u00fc olarak k\u00fcrs\u00fcye \u00e7\u0131kmay\u0131 ba\u015fard\u0131. \u0130smail Ard\u0131\u00e7, 52 kilogram kategorisinde 2\u2019inci olarak g\u00fcm\u00fc\u015f madalya kazand\u0131. Mahmut Can Y\u0131ld\u0131z, 44 kilogram kategorisinde 2\u2019inci olarak g\u00fcm\u00fc\u015f madalya elde etti. Hasan \u0130smail \u00c7\u0131nar ise +60 kilogram kategorisinde 3\u2019\u00fcnc\u00fc olarak bronz madalya kazand\u0131.<br \/><\/p>\n","protected":false},"excerpt":{"rendered":"<p>Denizli\u2019de ger\u00e7ekle\u015ftirilen Anadolu Y\u0131ld\u0131zlar Ligi (ANAL\u0130G) Karate Grup M\u00fcsabakalar\u0131nda Afyonkarahisarl\u0131 sporcular madalya kazand\u0131. Etkinlikte Afyonkarahisar\u2019\u0131 temsil eden sporcular, sergiledikleri \u00fcst\u00fcn performanslarla dikkat \u00e7ekerek \u00f6nemli dereceler elde ettiler. Yar\u0131\u015fmada Ebrar Y\u0131ld\u0131r\u0131m 42 kilgoram kategorisinde g\u00f6sterdi\u011fi ba\u015far\u0131l\u0131 performansla birinci olup alt\u0131n madalya kazand\u0131. Hatice Y\u0131lmaz kata bran\u015f\u0131nda 2\u2019inci olarak g\u00fcm\u00fc\u015f madalyan\u0131n sahibi oldu. Nurbet\u00fcl Ayk\u0131n, 46 kilogram&#8230;<\/p>\n","protected":false},"author":1,"featured_media":39844,"comment_status":"open","ping_status":"open","sticky":false,"template":"","format":"standard","meta":{"_crdt_document":"","footnotes":""},"categories":[4],"tags":[],"class_list":["post-39843","post","type-post","status-publish","format-standard","has-post-thumbnail","hentry","category-spor"],"_links":{"self":[{"href":"https:\/\/www.egemtv.com\/index.php?rest_route=\/wp\/v2\/posts\/39843","targetHints":{"allow":["GET"]}}],"collection":[{"href":"https:\/\/www.egemtv.com\/index.php?rest_route=\/wp\/v2\/posts"}],"about":[{"href":"https:\/\/www.egemtv.com\/index.php?rest_route=\/wp\/v2\/types\/post"}],"author":[{"embeddable":true,"href":"https:\/\/www.egemtv.com\/index.php?rest_route=\/wp\/v2\/users\/1"}],"replies":[{"embeddable":true,"href":"https:\/\/www.egemtv.com\/index.php?rest_route=%2Fwp%2Fv2%2Fcomments&post=39843"}],"version-history":[{"count":1,"href":"https:\/\/www.egemtv.com\/index.php?rest_route=\/wp\/v2\/posts\/39843\/revisions"}],"predecessor-version":[{"id":39845,"href":"https:\/\/www.egemtv.com\/index.php?rest_route=\/wp\/v2\/posts\/39843\/revisions\/39845"}],"wp:featuredmedia":[{"embeddable":true,"href":"https:\/\/www.egemtv.com\/index.php?rest_route=\/wp\/v2\/media\/39844"}],"wp:attachment":[{"href":"https:\/\/www.egemtv.com\/index.php?rest_route=%2Fwp%2Fv2%2Fmedia&parent=39843"}],"wp:term":[{"taxonomy":"category","embeddable":true,"href":"https:\/\/www.egemtv.com\/index.php?rest_route=%2Fwp%2Fv2%2Fcategories&post=39843"},{"taxonomy":"post_tag","embeddable":true,"href":"https:\/\/www.egemtv.com\/index.php?rest_route=%2Fwp%2Fv2%2Ftags&post=39843"}],"curies":[{"name":"wp","href":"https:\/\/api.w.org\/{rel}","templated":true}]}}