{"id":39840,"date":"2025-07-04T12:16:36","date_gmt":"2025-07-04T09:16:36","guid":{"rendered":"https:\/\/www.egemtv.com\/?p=39840"},"modified":"2025-07-04T12:16:40","modified_gmt":"2025-07-04T09:16:40","slug":"aydinda-haziran-ayindaki-trafik-kazalarinda-7-kisi-hayatini-kaybetti","status":"publish","type":"post","link":"https:\/\/www.egemtv.com\/?p=39840","title":{"rendered":"Ayd\u0131n\u2019da Haziran ay\u0131ndaki trafik kazalar\u0131nda 7 ki\u015fi hayat\u0131n\u0131 kaybetti"},"content":{"rendered":"<p>Ayd\u0131n\u2019da Haziran ay\u0131 i\u00e7erisinde yap\u0131lan denetimlerde 164 bin 814 ara\u00e7 kontrol edilirken, t\u00fcm \u00f6nlemlere ra\u011fmen meydana gelen trafik kazalar\u0131nda ise 7 ki\u015fi hayat\u0131n\u0131 kaybetti.<br \/>\n<br \/>Ayd\u0131n Valili\u011fi Haziran Ay\u0131 trafik verileri a\u00e7\u0131klamas\u0131nda, &#8220;Trafik g\u00fcvenli\u011finin artt\u0131r\u0131lmas\u0131 ve korunmas\u0131 i\u00e7in Valili\u011fimizin g\u00f6zetim ve denetiminde \u0130l Emniyet M\u00fcd\u00fcrl\u00fc\u011f\u00fc ve \u0130l Jandarma Komutanl\u0131\u011f\u0131na ba\u011fl\u0131 trafik ekipleri taraf\u0131ndan 2025 y\u0131l\u0131 Haziran ay\u0131 i\u00e7erisinde toplam 164 bin 814 ara\u00e7 kontrol edilmi\u015f olup, bunlardan kusurlu bulunan 26 bin 230 araca i\u015flem yap\u0131lm\u0131\u015ft\u0131r. Al\u0131nan t\u00fcm bu etkin \u00f6nlemlere ra\u011fmen; trafik kurallar\u0131na uyulmamas\u0131 nedeniyle 2025 Haziran ay\u0131 i\u00e7erisinde \u0130limiz s\u0131n\u0131rlar\u0131nda toplam 293 maddi hasarl\u0131, 543 yaralamal\u0131 ve 7 \u00f6l\u00fcml\u00fc olmak \u00fczere toplam 843 trafik kazas\u0131 meydana gelmi\u015ftir. Bu kazalarda toplam 757 vatanda\u015f\u0131m\u0131z yaralanm\u0131\u015f, 7 vatanda\u015f\u0131m\u0131z maalesef hayat\u0131n\u0131 kaybetmi\u015ftir. Ayr\u0131ca 446 s\u00fcr\u00fcc\u00fcn\u00fcn ehliyetine el konulmu\u015ftur. Valili\u011fimizce, ilimizde trafik g\u00fcvenli\u011fi ve vatanda\u015flar\u0131m\u0131z\u0131n can ve mal emniyetinin daha etkin sa\u011flanmas\u0131na y\u00f6nelik olarak al\u0131nan t\u00fcm tedbirler artt\u0131r\u0131larak ayn\u0131 kararl\u0131l\u0131kla ve gayretle s\u00fcrd\u00fcr\u00fclecektir. Trafik kurallar\u0131na uyan, trafik d\u00fczeninin sa\u011flanmas\u0131na ilgi ve destekleriyle katk\u0131 sa\u011flayan de\u011ferli vatanda\u015flar\u0131m\u0131za te\u015fekk\u00fcr ediyoruz. Trafik kazalar\u0131n\u0131n azalmas\u0131 i\u00e7in s\u00fcr\u00fcc\u00fc ve vatanda\u015flar\u0131m\u0131z\u0131n da, daha duyarl\u0131 olmalar\u0131, \u00f6zellikle hatal\u0131 \u015ferit de\u011fi\u015ftirmemeleri, alkoll\u00fc ara\u00e7 kullanmamalar\u0131, kural ihlali yapanlar\u0131n ise 112 nolu Acil \u00c7a\u011fr\u0131 Merkezi telefonuna ihbar edilmeleri hususlar\u0131nda vatanda\u015flar\u0131m\u0131z\u0131n bilgisine, desteklerine b\u00fcy\u00fck ihtiya\u00e7 vard\u0131r&#8221; ifadelerine yer verildi.<br \/><\/p>\n","protected":false},"excerpt":{"rendered":"<p>Ayd\u0131n\u2019da Haziran ay\u0131 i\u00e7erisinde yap\u0131lan denetimlerde 164 bin 814 ara\u00e7 kontrol edilirken, t\u00fcm \u00f6nlemlere ra\u011fmen meydana gelen trafik kazalar\u0131nda ise 7 ki\u015fi hayat\u0131n\u0131 kaybetti. Ayd\u0131n Valili\u011fi Haziran Ay\u0131 trafik verileri a\u00e7\u0131klamas\u0131nda, &#8220;Trafik g\u00fcvenli\u011finin artt\u0131r\u0131lmas\u0131 ve korunmas\u0131 i\u00e7in Valili\u011fimizin g\u00f6zetim ve denetiminde \u0130l Emniyet M\u00fcd\u00fcrl\u00fc\u011f\u00fc ve \u0130l Jandarma Komutanl\u0131\u011f\u0131na ba\u011fl\u0131 trafik ekipleri taraf\u0131ndan 2025 y\u0131l\u0131 Haziran&#8230;<\/p>\n","protected":false},"author":1,"featured_media":39841,"comment_status":"open","ping_status":"open","sticky":false,"template":"","format":"standard","meta":{"_crdt_document":"","footnotes":""},"categories":[5],"tags":[],"class_list":["post-39840","post","type-post","status-publish","format-standard","has-post-thumbnail","hentry","category-asayis"],"_links":{"self":[{"href":"https:\/\/www.egemtv.com\/index.php?rest_route=\/wp\/v2\/posts\/39840","targetHints":{"allow":["GET"]}}],"collection":[{"href":"https:\/\/www.egemtv.com\/index.php?rest_route=\/wp\/v2\/posts"}],"about":[{"href":"https:\/\/www.egemtv.com\/index.php?rest_route=\/wp\/v2\/types\/post"}],"author":[{"embeddable":true,"href":"https:\/\/www.egemtv.com\/index.php?rest_route=\/wp\/v2\/users\/1"}],"replies":[{"embeddable":true,"href":"https:\/\/www.egemtv.com\/index.php?rest_route=%2Fwp%2Fv2%2Fcomments&post=39840"}],"version-history":[{"count":1,"href":"https:\/\/www.egemtv.com\/index.php?rest_route=\/wp\/v2\/posts\/39840\/revisions"}],"predecessor-version":[{"id":39842,"href":"https:\/\/www.egemtv.com\/index.php?rest_route=\/wp\/v2\/posts\/39840\/revisions\/39842"}],"wp:featuredmedia":[{"embeddable":true,"href":"https:\/\/www.egemtv.com\/index.php?rest_route=\/wp\/v2\/media\/39841"}],"wp:attachment":[{"href":"https:\/\/www.egemtv.com\/index.php?rest_route=%2Fwp%2Fv2%2Fmedia&parent=39840"}],"wp:term":[{"taxonomy":"category","embeddable":true,"href":"https:\/\/www.egemtv.com\/index.php?rest_route=%2Fwp%2Fv2%2Fcategories&post=39840"},{"taxonomy":"post_tag","embeddable":true,"href":"https:\/\/www.egemtv.com\/index.php?rest_route=%2Fwp%2Fv2%2Ftags&post=39840"}],"curies":[{"name":"wp","href":"https:\/\/api.w.org\/{rel}","templated":true}]}}