{"id":39834,"date":"2025-07-04T12:16:28","date_gmt":"2025-07-04T09:16:28","guid":{"rendered":"https:\/\/www.egemtv.com\/?p=39834"},"modified":"2025-07-04T12:16:32","modified_gmt":"2025-07-04T09:16:32","slug":"gedizde-bir-koy-daha-mahalle-olmak-istiyor","status":"publish","type":"post","link":"https:\/\/www.egemtv.com\/?p=39834","title":{"rendered":"Gediz\u2019de bir k\u00f6y daha mahalle olmak istiyor"},"content":{"rendered":"<p>K\u00fctahya\u2019n\u0131n Gediz il\u00e7esi, idari yap\u0131s\u0131nda \u00f6nemli bir de\u011fi\u015fime haz\u0131rlan\u0131yor. Ge\u00e7ti\u011fimiz ay D\u00f6rtde\u011firmen K\u00f6y\u00fc\u2019n\u00fcn mahalle olma ba\u015fvurusu ve ard\u0131ndan yap\u0131lan referandumun ard\u0131ndan, \u015fimdi de Gediz\u2019in en kalabal\u0131k k\u00f6ylerinden biri olan Erdo\u011fmu\u015f K\u00f6y\u00fc, Gediz\u2019e mahalle olmak i\u00e7in resmi ba\u015fvurusunu yapt\u0131.<br \/>\n<br \/>Erdo\u011fmu\u015f K\u00f6y\u00fc Muhtarl\u0131\u011f\u0131, bu \u00f6nemli talep i\u00e7in harekete ge\u00e7erek k\u00f6y sakinlerinden destek toplad\u0131. K\u00f6y\u00fcn toplam bin 130 se\u00e7meninden 618\u2019inin imzas\u0131 toplanarak Gediz Kaymakaml\u0131\u011f\u0131\u2019na dilek\u00e7e ile sunuldu. Bu say\u0131, mahalle olma talebinin k\u00f6y halk\u0131 aras\u0131nda ciddi bir kar\u015f\u0131l\u0131\u011f\u0131 oldu\u011funu g\u00f6steriyor.<br \/>\n<br \/>Erdo\u011fmu\u015f K\u00f6y\u00fc Muhtar\u0131 Mehmet Akt\u00fcrk, konuyla ilgili yapt\u0131\u011f\u0131 a\u00e7\u0131klamada, k\u00f6yl\u00fclerin daha fazla hizmet beklentisiyle bu y\u00f6nde bir talepte bulundu\u011funu belirtti. Muhtar Akt\u00fcrk, &#8220;K\u00f6yl\u00fclerimizden gelen yo\u011fun talep \u00fczerine, ihtiyar heyetimizle birlikte bir karar ald\u0131k. Daha fazla hizmetin k\u00f6y\u00fcm\u00fcze gelmesi ad\u0131na, 618 imza toplayarak kaymakaml\u0131\u011f\u0131m\u0131za ba\u015fvuruda bulunduk. \u015eimdi referandum tarihi belirlenecek ve nihai karar\u0131 k\u00f6y halk\u0131m\u0131z verecek&#8221; dedi.<br \/>\n<br \/>Mahalle stat\u00fcs\u00fcne ge\u00e7i\u015f, k\u00f6ylerin belediye hizmetlerinden daha kapsaml\u0131 bir \u015fekilde yararlanmas\u0131na imkan tan\u0131yor. Bu sayede altyap\u0131, temizlik, imar ve sosyal hizmetler gibi konularda daha h\u0131zl\u0131 ve etkili \u00e7\u00f6z\u00fcmler sunulabiliyor.<br \/>\n<br \/>Erdo\u011fmu\u015f K\u00f6y\u00fc\u2019n\u00fcn mahalle olma s\u00fcreci, D\u00f6rtde\u011firmen K\u00f6y\u00fc\u2019n\u00fcn ard\u0131ndan Gediz\u2019deki idari de\u011fi\u015fim r\u00fczgarlar\u0131n\u0131n devam etti\u011fini g\u00f6steriyor. Referandum tarihi belirlendikten sonra, Erdo\u011fmu\u015f K\u00f6y\u00fc sakinleri gelecekleri hakk\u0131nda do\u011frudan s\u00f6z sahibi olacaklar.<br \/><\/p>\n","protected":false},"excerpt":{"rendered":"<p>K\u00fctahya\u2019n\u0131n Gediz il\u00e7esi, idari yap\u0131s\u0131nda \u00f6nemli bir de\u011fi\u015fime haz\u0131rlan\u0131yor. Ge\u00e7ti\u011fimiz ay D\u00f6rtde\u011firmen K\u00f6y\u00fc\u2019n\u00fcn mahalle olma ba\u015fvurusu ve ard\u0131ndan yap\u0131lan referandumun ard\u0131ndan, \u015fimdi de Gediz\u2019in en kalabal\u0131k k\u00f6ylerinden biri olan Erdo\u011fmu\u015f K\u00f6y\u00fc, Gediz\u2019e mahalle olmak i\u00e7in resmi ba\u015fvurusunu yapt\u0131. Erdo\u011fmu\u015f K\u00f6y\u00fc Muhtarl\u0131\u011f\u0131, bu \u00f6nemli talep i\u00e7in harekete ge\u00e7erek k\u00f6y sakinlerinden destek toplad\u0131. K\u00f6y\u00fcn toplam bin 130&#8230;<\/p>\n","protected":false},"author":1,"featured_media":39835,"comment_status":"open","ping_status":"open","sticky":false,"template":"","format":"standard","meta":{"_crdt_document":"","footnotes":""},"categories":[123],"tags":[],"class_list":["post-39834","post","type-post","status-publish","format-standard","has-post-thumbnail","hentry","category-gundem"],"_links":{"self":[{"href":"https:\/\/www.egemtv.com\/index.php?rest_route=\/wp\/v2\/posts\/39834","targetHints":{"allow":["GET"]}}],"collection":[{"href":"https:\/\/www.egemtv.com\/index.php?rest_route=\/wp\/v2\/posts"}],"about":[{"href":"https:\/\/www.egemtv.com\/index.php?rest_route=\/wp\/v2\/types\/post"}],"author":[{"embeddable":true,"href":"https:\/\/www.egemtv.com\/index.php?rest_route=\/wp\/v2\/users\/1"}],"replies":[{"embeddable":true,"href":"https:\/\/www.egemtv.com\/index.php?rest_route=%2Fwp%2Fv2%2Fcomments&post=39834"}],"version-history":[{"count":1,"href":"https:\/\/www.egemtv.com\/index.php?rest_route=\/wp\/v2\/posts\/39834\/revisions"}],"predecessor-version":[{"id":39836,"href":"https:\/\/www.egemtv.com\/index.php?rest_route=\/wp\/v2\/posts\/39834\/revisions\/39836"}],"wp:featuredmedia":[{"embeddable":true,"href":"https:\/\/www.egemtv.com\/index.php?rest_route=\/wp\/v2\/media\/39835"}],"wp:attachment":[{"href":"https:\/\/www.egemtv.com\/index.php?rest_route=%2Fwp%2Fv2%2Fmedia&parent=39834"}],"wp:term":[{"taxonomy":"category","embeddable":true,"href":"https:\/\/www.egemtv.com\/index.php?rest_route=%2Fwp%2Fv2%2Fcategories&post=39834"},{"taxonomy":"post_tag","embeddable":true,"href":"https:\/\/www.egemtv.com\/index.php?rest_route=%2Fwp%2Fv2%2Ftags&post=39834"}],"curies":[{"name":"wp","href":"https:\/\/api.w.org\/{rel}","templated":true}]}}