{"id":39771,"date":"2025-07-04T10:36:46","date_gmt":"2025-07-04T07:36:46","guid":{"rendered":"https:\/\/www.egemtv.com\/?p=39771"},"modified":"2025-07-04T10:36:49","modified_gmt":"2025-07-04T07:36:49","slug":"bozdogan-beyaza-boyandi","status":"publish","type":"post","link":"https:\/\/www.egemtv.com\/?p=39771","title":{"rendered":"Bozdo\u011fan beyaza boyand\u0131"},"content":{"rendered":"<p>Bozdo\u011fan Belediyesi, ge\u00e7ti\u011fimiz y\u0131l Belediye Ba\u015fkan\u0131 Mustafa Galip \u00d6zel\u2019in talimat\u0131yla ba\u015flat\u0131lan kapsaml\u0131 kire\u00e7leme \u00e7al\u0131\u015fmalar\u0131yla il\u00e7eyi adeta ba\u015ftan sona beyaza boyad\u0131. Sinek ve ha\u015fereyle m\u00fccadelenin yan\u0131 s\u0131ra mahalle mahalle uygulanan bu \u00e7al\u0131\u015fma, Bozdo\u011fan\u2019a hem ferah bir g\u00f6r\u00fcn\u00fcm hem de estetik bir dokunu\u015f kazand\u0131rd\u0131.<br \/>\n<br \/>Bozdo\u011fan Belediyesi Fen i\u015fleri ekiplerinin ger\u00e7ekle\u015ftirdi\u011fi kapsaml\u0131 kire\u00e7leme \u00e7al\u0131\u015fmalar\u0131yla il\u00e7ede hem \u00e7evre sa\u011fl\u0131\u011f\u0131na katk\u0131 sa\u011flad\u0131, hem de g\u00f6rsel bir d\u00f6n\u00fc\u015f\u00fcm ba\u015flatt\u0131. Mahalle mahalle y\u00fcr\u00fct\u00fclen \u00e7al\u0131\u015fmalar sayesinde duvarlar beyaza b\u00fcr\u00fcn\u00fcrken, il\u00e7ede hijyen ve ferahl\u0131k hakim oldu.<br \/>\n<br \/>Kire\u00e7leme uygulamas\u0131, \u00f6zellikle yaz aylar\u0131nda artan sinek ve ha\u015fere sorununa kar\u015f\u0131 etkili bir y\u00f6ntem olarak \u00f6ne \u00e7\u0131karken; ayn\u0131 zamanda sokaklara kazand\u0131rd\u0131\u011f\u0131 beyazl\u0131k ile Bozdo\u011fan\u2019\u0131n siluetine yeni bir soluk getirdi. Vatanda\u015flar, tertemiz duvarlar ve d\u00fczenli g\u00f6r\u00fcnt\u00fc kar\u015f\u0131s\u0131nda memnuniyetlerini dile getiriyor.<br \/>\n<br \/>Kimi mahallelerde, hay\u0131rsever vatanda\u015flar da bu \u00e7al\u0131\u015fmalara katk\u0131 sunarak kire\u00e7 temini ve uygulama s\u00fcrecine destek verdi. Belediye ekiplerinin titizlikle y\u00fcr\u00fctt\u00fc\u011f\u00fc \u00e7al\u0131\u015fmalar, halk\u0131n da deste\u011fiyle adeta bir dayan\u0131\u015fma hareketine d\u00f6n\u00fc\u015ft\u00fc. \u0130mece ruhu yeniden hayat buldu.<br \/>\n<br \/>Ba\u015fkan \u00d6zel: &#8220;Bozdo\u011fan\u2019\u0131 hep birlikte g\u00fczelle\u015ftiriyoruz&#8221;<br \/>\n<br \/>Konuyla ilgili a\u00e7\u0131klama yapan Bozdo\u011fan Belediye Ba\u015fkan\u0131 Mustafa Galip \u00d6zel, &#8220;Temizlik, estetik ve halk sa\u011fl\u0131\u011f\u0131n\u0131 bir arada d\u00fc\u015f\u00fcnerek bu \u00e7al\u0131\u015fmalar\u0131 ba\u015flatt\u0131k. Vatanda\u015flar\u0131m\u0131z\u0131n deste\u011fiyle Bozdo\u011fan\u2019\u0131 hep birlikte g\u00fczelle\u015ftiriyoruz&#8221; dedi. \u00c7al\u0131\u015fmalar\u0131n yaz boyunca aral\u0131ks\u0131z s\u00fcrece\u011fi de kaydedildi.<br \/><\/p>\n","protected":false},"excerpt":{"rendered":"<p>Bozdo\u011fan Belediyesi, ge\u00e7ti\u011fimiz y\u0131l Belediye Ba\u015fkan\u0131 Mustafa Galip \u00d6zel\u2019in talimat\u0131yla ba\u015flat\u0131lan kapsaml\u0131 kire\u00e7leme \u00e7al\u0131\u015fmalar\u0131yla il\u00e7eyi adeta ba\u015ftan sona beyaza boyad\u0131. Sinek ve ha\u015fereyle m\u00fccadelenin yan\u0131 s\u0131ra mahalle mahalle uygulanan bu \u00e7al\u0131\u015fma, Bozdo\u011fan\u2019a hem ferah bir g\u00f6r\u00fcn\u00fcm hem de estetik bir dokunu\u015f kazand\u0131rd\u0131. Bozdo\u011fan Belediyesi Fen i\u015fleri ekiplerinin ger\u00e7ekle\u015ftirdi\u011fi kapsaml\u0131 kire\u00e7leme \u00e7al\u0131\u015fmalar\u0131yla il\u00e7ede hem \u00e7evre sa\u011fl\u0131\u011f\u0131na&#8230;<\/p>\n","protected":false},"author":1,"featured_media":39772,"comment_status":"open","ping_status":"open","sticky":false,"template":"","format":"standard","meta":{"_crdt_document":"","footnotes":""},"categories":[1],"tags":[],"class_list":["post-39771","post","type-post","status-publish","format-standard","has-post-thumbnail","hentry","category-guncel"],"_links":{"self":[{"href":"https:\/\/www.egemtv.com\/index.php?rest_route=\/wp\/v2\/posts\/39771","targetHints":{"allow":["GET"]}}],"collection":[{"href":"https:\/\/www.egemtv.com\/index.php?rest_route=\/wp\/v2\/posts"}],"about":[{"href":"https:\/\/www.egemtv.com\/index.php?rest_route=\/wp\/v2\/types\/post"}],"author":[{"embeddable":true,"href":"https:\/\/www.egemtv.com\/index.php?rest_route=\/wp\/v2\/users\/1"}],"replies":[{"embeddable":true,"href":"https:\/\/www.egemtv.com\/index.php?rest_route=%2Fwp%2Fv2%2Fcomments&post=39771"}],"version-history":[{"count":1,"href":"https:\/\/www.egemtv.com\/index.php?rest_route=\/wp\/v2\/posts\/39771\/revisions"}],"predecessor-version":[{"id":39773,"href":"https:\/\/www.egemtv.com\/index.php?rest_route=\/wp\/v2\/posts\/39771\/revisions\/39773"}],"wp:featuredmedia":[{"embeddable":true,"href":"https:\/\/www.egemtv.com\/index.php?rest_route=\/wp\/v2\/media\/39772"}],"wp:attachment":[{"href":"https:\/\/www.egemtv.com\/index.php?rest_route=%2Fwp%2Fv2%2Fmedia&parent=39771"}],"wp:term":[{"taxonomy":"category","embeddable":true,"href":"https:\/\/www.egemtv.com\/index.php?rest_route=%2Fwp%2Fv2%2Fcategories&post=39771"},{"taxonomy":"post_tag","embeddable":true,"href":"https:\/\/www.egemtv.com\/index.php?rest_route=%2Fwp%2Fv2%2Ftags&post=39771"}],"curies":[{"name":"wp","href":"https:\/\/api.w.org\/{rel}","templated":true}]}}