{"id":39768,"date":"2025-07-04T10:36:41","date_gmt":"2025-07-04T07:36:41","guid":{"rendered":"https:\/\/www.egemtv.com\/?p=39768"},"modified":"2025-07-04T10:36:46","modified_gmt":"2025-07-04T07:36:46","slug":"calinti-aracla-kacarken-dur-ihtarina-uymadi-jandarmaya-ates-edip-kendini-vurdu","status":"publish","type":"post","link":"https:\/\/www.egemtv.com\/?p=39768","title":{"rendered":"\u00c7al\u0131nt\u0131 ara\u00e7la ka\u00e7arken \u2019dur\u2019 ihtar\u0131na uymad\u0131, jandarmaya ate\u015f edip kendini vurdu"},"content":{"rendered":"<p>Isparta\u2019n\u0131n Yalva\u00e7 il\u00e7esine ba\u011fl\u0131 Hisarard\u0131 k\u00f6y\u00fcnde \u00e7al\u0131nt\u0131 ara\u00e7la ka\u00e7an \u015fah\u0131s, jandarma ekiplerinin \u2019teslim ol\u2019 ihtar\u0131na uymayarak ate\u015f a\u00e7t\u0131. G\u00fcvenlik g\u00fc\u00e7lerinin uyar\u0131lar\u0131na ra\u011fmen silah\u0131n\u0131 b\u0131rakmayan \u015f\u00fcpheli, av t\u00fcfe\u011fiyle kendini vurdu.<br \/>\n<br \/>Olay, 3 Temmuz g\u00fcn\u00fc saat 12.15 s\u0131ralar\u0131nda Hisarard\u0131 k\u00f6y\u00fc Su \u00c7\u0131kt\u0131\u011f\u0131 mevkiinde meydana geldi. Edinilen bilgilere g\u00f6re, Hakan \u0130. (54) isimli \u015fahs\u0131n \u00e7ald\u0131\u011f\u0131 34 RS 423 plakal\u0131 ara\u00e7la ka\u00e7t\u0131\u011f\u0131 ihbar\u0131 \u00fczerine jandarma ekipleri harekete ge\u00e7ti. Jandarma ekipleri, yapt\u0131klar\u0131 \u00e7al\u0131\u015fmalar sonucu arac\u0131 k\u0131rsal arazide terk edilmi\u015f halde buldu. B\u00f6lgede yap\u0131lan aramalarda \u015f\u00fcpheli Hakan \u0130. a\u011fa\u00e7l\u0131k alanda gizlenirken yakaland\u0131. Hakan \u0130., jandarma ekiplerini fark edince av t\u00fcfe\u011fiyle bir el ate\u015f etti. Ekipler ise havaya iki el uyar\u0131 ate\u015fi a\u00e7arak, teslim olmas\u0131 y\u00f6n\u00fcnde \u00e7a\u011fr\u0131da bulundu. \u015e\u00fcpheli, uyar\u0131lara uymayarak elindeki av t\u00fcfe\u011fiyle g\u00f6\u011fs\u00fcne 2 el ate\u015f ederek intihar etti. Olayda herhangi bir jandarma personelinin yaralanmad\u0131\u011f\u0131 \u00f6\u011frenilirken, Hakan \u0130.\u2019nin cenazesi savc\u0131 ve olay yeri inceleme ekiplerinin \u00e7al\u0131\u015fmalar\u0131n\u0131n ard\u0131ndan otopsi yap\u0131lmak \u00fczere morga kald\u0131r\u0131ld\u0131.<br \/>\n<br \/>Olayla ilgili soru\u015fturma ba\u015flat\u0131ld\u0131.<br \/><\/p>\n","protected":false},"excerpt":{"rendered":"<p>Isparta\u2019n\u0131n Yalva\u00e7 il\u00e7esine ba\u011fl\u0131 Hisarard\u0131 k\u00f6y\u00fcnde \u00e7al\u0131nt\u0131 ara\u00e7la ka\u00e7an \u015fah\u0131s, jandarma ekiplerinin \u2019teslim ol\u2019 ihtar\u0131na uymayarak ate\u015f a\u00e7t\u0131. G\u00fcvenlik g\u00fc\u00e7lerinin uyar\u0131lar\u0131na ra\u011fmen silah\u0131n\u0131 b\u0131rakmayan \u015f\u00fcpheli, av t\u00fcfe\u011fiyle kendini vurdu. Olay, 3 Temmuz g\u00fcn\u00fc saat 12.15 s\u0131ralar\u0131nda Hisarard\u0131 k\u00f6y\u00fc Su \u00c7\u0131kt\u0131\u011f\u0131 mevkiinde meydana geldi. Edinilen bilgilere g\u00f6re, Hakan \u0130. (54) isimli \u015fahs\u0131n \u00e7ald\u0131\u011f\u0131 34 RS 423&#8230;<\/p>\n","protected":false},"author":1,"featured_media":39769,"comment_status":"open","ping_status":"open","sticky":false,"template":"","format":"standard","meta":{"_crdt_document":"","footnotes":""},"categories":[5],"tags":[],"class_list":["post-39768","post","type-post","status-publish","format-standard","has-post-thumbnail","hentry","category-asayis"],"_links":{"self":[{"href":"https:\/\/www.egemtv.com\/index.php?rest_route=\/wp\/v2\/posts\/39768","targetHints":{"allow":["GET"]}}],"collection":[{"href":"https:\/\/www.egemtv.com\/index.php?rest_route=\/wp\/v2\/posts"}],"about":[{"href":"https:\/\/www.egemtv.com\/index.php?rest_route=\/wp\/v2\/types\/post"}],"author":[{"embeddable":true,"href":"https:\/\/www.egemtv.com\/index.php?rest_route=\/wp\/v2\/users\/1"}],"replies":[{"embeddable":true,"href":"https:\/\/www.egemtv.com\/index.php?rest_route=%2Fwp%2Fv2%2Fcomments&post=39768"}],"version-history":[{"count":1,"href":"https:\/\/www.egemtv.com\/index.php?rest_route=\/wp\/v2\/posts\/39768\/revisions"}],"predecessor-version":[{"id":39770,"href":"https:\/\/www.egemtv.com\/index.php?rest_route=\/wp\/v2\/posts\/39768\/revisions\/39770"}],"wp:featuredmedia":[{"embeddable":true,"href":"https:\/\/www.egemtv.com\/index.php?rest_route=\/wp\/v2\/media\/39769"}],"wp:attachment":[{"href":"https:\/\/www.egemtv.com\/index.php?rest_route=%2Fwp%2Fv2%2Fmedia&parent=39768"}],"wp:term":[{"taxonomy":"category","embeddable":true,"href":"https:\/\/www.egemtv.com\/index.php?rest_route=%2Fwp%2Fv2%2Fcategories&post=39768"},{"taxonomy":"post_tag","embeddable":true,"href":"https:\/\/www.egemtv.com\/index.php?rest_route=%2Fwp%2Fv2%2Ftags&post=39768"}],"curies":[{"name":"wp","href":"https:\/\/api.w.org\/{rel}","templated":true}]}}