{"id":39765,"date":"2025-07-04T10:15:27","date_gmt":"2025-07-04T07:15:27","guid":{"rendered":"https:\/\/www.egemtv.com\/?p=39765"},"modified":"2025-07-04T10:15:32","modified_gmt":"2025-07-04T07:15:32","slug":"saglik-calisanlari-notalarla-sifa-dagitti","status":"publish","type":"post","link":"https:\/\/www.egemtv.com\/?p=39765","title":{"rendered":"Sa\u011fl\u0131k \u00e7al\u0131\u015fanlar\u0131 notalarla \u015fifa da\u011f\u0131tt\u0131"},"content":{"rendered":"<p>Medicana International \u0130zmir Hastanesi T\u00fcrk Sanat M\u00fczi\u011fi korosu d\u00fcn ak\u015fam unutulmaz bir konsere imza att\u0131. Aylard\u0131r prova yapan koro \u00fcyeleri, solo performanslar\u0131yla da kulaklar\u0131n pas\u0131n\u0131 sildi. Hastane Genel M\u00fcd\u00fcr\u00fc Dr. \u00d6\u011fretim \u00dcyesi Remzi Kar\u015f\u0131, &#8220;Bizi biz yapan insan ruhuna uzanan elimiz ve hizmetlerimizdir&#8221; diyerek \u015fu ifadeleri kulland\u0131: &#8220;Bu nedenledir ki bizim i\u00e7in sa\u011fl\u0131k say\u0131lardan fazlad\u0131r. Bir \u00e7ocu\u011fun yeniden ko\u015fmas\u0131, bir ya\u015fl\u0131n\u0131n a\u011fr\u0131s\u0131z uyanmas\u0131, bir annenin evlad\u0131na kavu\u015fmas\u0131 \u0130\u015fte bizim ba\u015far\u0131 tan\u0131m\u0131m\u0131z budur.&#8221;<br \/>\n<br \/>Medicana International \u0130zmir Hastanesi\u2019nde \u00e7al\u0131\u015fan sa\u011fl\u0131k personeli, doktorlar ve idari personelin olu\u015fturdu\u011fu T\u00fcrk Sanat M\u00fczi\u011fi korosu, MBA Okullar\u0131 Dokuz Eyl\u00fcl Kamp\u00fcs\u00fc\u2019nde konser verdi. \u00c7ok say\u0131da davetlinin kat\u0131ld\u0131\u011f\u0131 konserde, \u2018\u015eark\u0131m\u0131 Senin \u0130\u00e7in\u2019, \u2018Beyo\u011flu\u2019nda Gezersin\u2019, \u2018\u015eimdi Bahara Erdim\u2019, \u2018Hat\u0131rla Sevgili\u2019 gibi T\u00fcrk Sanat M\u00fczi\u011fi\u2019nin unutulmaz eserleri seslendirildi. Konserin a\u00e7\u0131l\u0131\u015f konu\u015fmas\u0131n\u0131 ger\u00e7ekle\u015ftiren Medicana International \u0130zmir Hastanesi Genel M\u00fcd\u00fcr\u00fc Dr. \u00d6\u011fretim \u00dcyesi Remzi Kar\u015f\u0131, Ege\u2019de be\u015finci y\u0131l\u0131n\u0131 dolduran Medicana\u2019n\u0131n ba\u015far\u0131s\u0131n\u0131n insan ruhuna dokunan hizmet anlay\u0131\u015f\u0131ndan kaynakland\u0131\u011f\u0131n\u0131 vurgulad\u0131. Dr. \u00d6\u011fretim \u00dcyesi Remzi Kar\u015f\u0131, &#8220;Sa\u011fl\u0131k alan\u0131nda \u00f6zverili \u00e7al\u0131\u015fmalar\u0131yla tan\u0131d\u0131\u011f\u0131m\u0131z sahnedeki arkada\u015flar\u0131m\u0131z\u0131n bug\u00fcn ba\u015fka bir y\u00f6n\u00fcn\u00fc g\u00f6rece\u011fiz. Bu ak\u015fam sahnede izleyece\u011finiz ki\u015filer, sadece hekimler, hem\u015fireler, sa\u011fl\u0131k \u00e7al\u0131\u015fanlar\u0131 de\u011fil; ayn\u0131 zamanda g\u00f6n\u00fcllerini m\u00fczi\u011fe vermi\u015f, T\u00fcrk Sanat M\u00fczi\u011fi\u2019nin zarafetini ta\u015f\u0131yan \u00e7ok de\u011ferli sanat dostlar\u0131d\u0131r. Onlar, g\u00fcnd\u00fcz hastalar\u0131m\u0131z\u0131n \u015fifas\u0131 i\u00e7in \u00e7al\u0131\u015fan, bu gece ise kalplerini ezgilere katan kahramanlar\u0131m\u0131zd\u0131r&#8221; dedi.<\/p>\n<p>M\u00fczik insan\u0131 insana yak\u0131nla\u015ft\u0131r\u0131r<br \/>\n<br \/>Dr. \u00d6\u011fretim \u00dcyesi Remzi Kar\u015f\u0131 s\u00f6zlerine \u015f\u00f6yle devam etti: &#8220;Bilim der ki, m\u00fczik stres hormonlar\u0131n\u0131 d\u00fc\u015f\u00fcr\u00fcr, kalp ritmini yava\u015flat\u0131r, hatta a\u011fr\u0131 e\u015fi\u011fini y\u00fckseltir. Ben de m\u00fczikle i\u00e7 i\u00e7e b\u00fcy\u00fcm\u00fc\u015f biriyim. Nota defterlerinin kenar\u0131na yaz\u0131lm\u0131\u015f k\u00fc\u00e7\u00fck bestelerden b\u00fcy\u00fck hayallere uzanan bir yolculu\u011fun ne demek oldu\u011funu iyi bilirim. Bu y\u00fczden, sahnedeki her bir arkada\u015f\u0131m\u0131z\u0131n heyecan\u0131n\u0131 ve eme\u011fini y\u00fcrekten hissediyorum. Onlar\u0131n sesi, sadece kulaklar\u0131m\u0131za de\u011fil, kalplerimize de dokunacak. Biliyoruz ki, m\u00fczik insan\u0131 insana yakla\u015ft\u0131r\u0131r.  Bug\u00fcn hastane koromuzla sadece notalar de\u011fil, birliktelik, \u015fefkat ve dayan\u0131\u015fma da duyacaks\u0131n\u0131z.&#8221;<\/p>\n<p>Dinleyenlerin kulaklar\u0131n\u0131n pas\u0131 silindi<br \/>\n<br \/>Koro \u015fefli\u011fini T\u00fcrk Sanat M\u00fczi\u011fi sanat\u00e7\u0131s\u0131 Dilek \u015eafak \u00c7akar\u2019\u0131n yapt\u0131\u011f\u0131 konserde aralar\u0131nda \u2018\u0130kinci Bahar\u2019, \u2018Kimseye Etmem \u015eikayet\u2019, \u2018Benim G\u00f6nl\u00fcm Sarho\u015ftur\u2019, \u2018\u0130zmir\u2019in Kavaklar\u0131\u2019 par\u00e7alar\u0131n\u0131n da bulundu\u011fu 25 eser seslendirildi. Solo performanslarla m\u00fczik ziyareti ikiye katlan\u0131rken, Medicana Bursa Hastanesi\u2019nden doktorlar ve y\u00f6neticiler de dinleyenler aras\u0131ndayd\u0131. Koro \u015fefi Dilek \u015eafak \u00c7akar ve konsere s\u00f6yledi\u011fi t\u00fcrk\u00fclerle renk katan T\u00fcrk Halk M\u00fczi\u011fi sanat\u00e7\u0131s\u0131 Ali \u00c7akar\u2019a \u00e7i\u00e7eklerini Medicana Sa\u011fl\u0131k Grubu ad\u0131na Medicana Bursa Hastanesi \u0130cra Kurulu Ba\u015fkan\u0131 Dr. Engin Bozkurt takdim etti. Dr. Engin Bozkurt, bu anlaml\u0131 konser i\u00e7in \u0130zmir\u2019de olmaktan mutluluk duyduklar\u0131n\u0131 belirterek, &#8220;Sanata \u00f6nem veriyoruz. Sanat dallar\u0131 aras\u0131nda m\u00fczik, sa\u011fl\u0131\u011fa katk\u0131s\u0131 nedeniyle en \u00e7ok \u00f6nemsedi\u011fimiz alan. \u0130zmir hastanemizde bug\u00fcn ilki ger\u00e7ekle\u015ftirilen konserlerin devam\u0131n\u0131 diliyorum&#8221; diye konu\u015ftu.<br \/><\/p>\n","protected":false},"excerpt":{"rendered":"<p>Medicana International \u0130zmir Hastanesi T\u00fcrk Sanat M\u00fczi\u011fi korosu d\u00fcn ak\u015fam unutulmaz bir konsere imza att\u0131. Aylard\u0131r prova yapan koro \u00fcyeleri, solo performanslar\u0131yla da kulaklar\u0131n pas\u0131n\u0131 sildi. Hastane Genel M\u00fcd\u00fcr\u00fc Dr. \u00d6\u011fretim \u00dcyesi Remzi Kar\u015f\u0131, &#8220;Bizi biz yapan insan ruhuna uzanan elimiz ve hizmetlerimizdir&#8221; diyerek \u015fu ifadeleri kulland\u0131: &#8220;Bu nedenledir ki bizim i\u00e7in sa\u011fl\u0131k say\u0131lardan fazlad\u0131r&#8230;.<\/p>\n","protected":false},"author":1,"featured_media":39766,"comment_status":"open","ping_status":"open","sticky":false,"template":"","format":"standard","meta":{"_crdt_document":"","footnotes":""},"categories":[2],"tags":[],"class_list":["post-39765","post","type-post","status-publish","format-standard","has-post-thumbnail","hentry","category-saglik"],"_links":{"self":[{"href":"https:\/\/www.egemtv.com\/index.php?rest_route=\/wp\/v2\/posts\/39765","targetHints":{"allow":["GET"]}}],"collection":[{"href":"https:\/\/www.egemtv.com\/index.php?rest_route=\/wp\/v2\/posts"}],"about":[{"href":"https:\/\/www.egemtv.com\/index.php?rest_route=\/wp\/v2\/types\/post"}],"author":[{"embeddable":true,"href":"https:\/\/www.egemtv.com\/index.php?rest_route=\/wp\/v2\/users\/1"}],"replies":[{"embeddable":true,"href":"https:\/\/www.egemtv.com\/index.php?rest_route=%2Fwp%2Fv2%2Fcomments&post=39765"}],"version-history":[{"count":1,"href":"https:\/\/www.egemtv.com\/index.php?rest_route=\/wp\/v2\/posts\/39765\/revisions"}],"predecessor-version":[{"id":39767,"href":"https:\/\/www.egemtv.com\/index.php?rest_route=\/wp\/v2\/posts\/39765\/revisions\/39767"}],"wp:featuredmedia":[{"embeddable":true,"href":"https:\/\/www.egemtv.com\/index.php?rest_route=\/wp\/v2\/media\/39766"}],"wp:attachment":[{"href":"https:\/\/www.egemtv.com\/index.php?rest_route=%2Fwp%2Fv2%2Fmedia&parent=39765"}],"wp:term":[{"taxonomy":"category","embeddable":true,"href":"https:\/\/www.egemtv.com\/index.php?rest_route=%2Fwp%2Fv2%2Fcategories&post=39765"},{"taxonomy":"post_tag","embeddable":true,"href":"https:\/\/www.egemtv.com\/index.php?rest_route=%2Fwp%2Fv2%2Ftags&post=39765"}],"curies":[{"name":"wp","href":"https:\/\/api.w.org\/{rel}","templated":true}]}}