{"id":39762,"date":"2025-07-04T10:15:22","date_gmt":"2025-07-04T07:15:22","guid":{"rendered":"https:\/\/www.egemtv.com\/?p=39762"},"modified":"2025-07-04T10:15:27","modified_gmt":"2025-07-04T07:15:27","slug":"orman-yangini-riskine-karsi-valilikten-kritik-uyari","status":"publish","type":"post","link":"https:\/\/www.egemtv.com\/?p=39762","title":{"rendered":"Orman yang\u0131n\u0131 riskine kar\u015f\u0131 Valilikten kritik uyar\u0131"},"content":{"rendered":"<p>Mu\u011fla genelinde yaz mevsiminin etkisiyle artan hava s\u0131cakl\u0131klar\u0131 ve d\u00fc\u015fen nem oran\u0131, orman yang\u0131n\u0131 riskini ciddi \u015fekilde y\u00fckseltiyor. Bu \u00e7er\u00e7evede, ormanlar\u0131n korunmas\u0131na y\u00f6nelik \u00f6nleyici tedbirler ve fark\u0131ndal\u0131k \u00e7al\u0131\u015fmalar\u0131 da h\u0131z kazand\u0131.<\/p>\n<p>Trafik denetimlerinde g\u00f6revli ekipler, \u00f6zellikle k\u0131rsal ve ormanl\u0131k alanlardan ge\u00e7en yollarda s\u00fcr\u00fcc\u00fc ve yolculara y\u00f6nelik bilgilendirme bro\u015f\u00fcrleri da\u011f\u0131tarak, yang\u0131nlara kar\u015f\u0131 dikkatli olunmas\u0131 konusunda uyar\u0131larda bulunuyor.<br \/>\n<br \/>Mu\u011fla Valili\u011fi taraf\u0131ndan yap\u0131lan a\u00e7\u0131klamada, vatanda\u015flar\u0131n yang\u0131n riskine kar\u015f\u0131 daha duyarl\u0131 hareket etmeleri gerekti\u011fini belirterek \u015fu uyar\u0131larda bulundu: &#8220;L\u00fctfen seyir halindeyken cam, pet \u015fi\u015fe, sigara izmariti gibi at\u0131klar\u0131 kesinlikle ara\u00e7 d\u0131\u015f\u0131na atmay\u0131n\u0131z. Ormanl\u0131k alanlar, ekili araziler ve kuru otlarla kapl\u0131 b\u00f6lgelerde yang\u0131n riski do\u011furabilecek hi\u00e7bir davran\u0131\u015fta bulunmay\u0131n\u0131z. Unutmayal\u0131m, k\u00fc\u00e7\u00fck bir ihmal b\u00fcy\u00fck felaketlere yol a\u00e7abilir&#8221;<\/p>\n<p>Ayr\u0131ca ara\u00e7 i\u00e7erisinden d\u0131\u015far\u0131ya \u00e7\u00f6p veya izmarit atan vatanda\u015flar\u0131n g\u00f6r\u00fclmesi halinde, olay\u0131n 112 Acil \u00c7a\u011fr\u0131 Merkezi\u2019ne bildirilmesi istenirken, bu t\u00fcr eylemlerde bulunanlar hakk\u0131nda 2918 say\u0131l\u0131 Karayollar\u0131 Trafik Kanunu kapsam\u0131nda cezai i\u015flem uygulanaca\u011f\u0131 belirtildi.<br \/><\/p>\n","protected":false},"excerpt":{"rendered":"<p>Mu\u011fla genelinde yaz mevsiminin etkisiyle artan hava s\u0131cakl\u0131klar\u0131 ve d\u00fc\u015fen nem oran\u0131, orman yang\u0131n\u0131 riskini ciddi \u015fekilde y\u00fckseltiyor. Bu \u00e7er\u00e7evede, ormanlar\u0131n korunmas\u0131na y\u00f6nelik \u00f6nleyici tedbirler ve fark\u0131ndal\u0131k \u00e7al\u0131\u015fmalar\u0131 da h\u0131z kazand\u0131. Trafik denetimlerinde g\u00f6revli ekipler, \u00f6zellikle k\u0131rsal ve ormanl\u0131k alanlardan ge\u00e7en yollarda s\u00fcr\u00fcc\u00fc ve yolculara y\u00f6nelik bilgilendirme bro\u015f\u00fcrleri da\u011f\u0131tarak, yang\u0131nlara kar\u015f\u0131 dikkatli olunmas\u0131 konusunda uyar\u0131larda&#8230;<\/p>\n","protected":false},"author":1,"featured_media":39763,"comment_status":"open","ping_status":"open","sticky":false,"template":"","format":"standard","meta":{"_crdt_document":"","footnotes":""},"categories":[1],"tags":[],"class_list":["post-39762","post","type-post","status-publish","format-standard","has-post-thumbnail","hentry","category-guncel"],"_links":{"self":[{"href":"https:\/\/www.egemtv.com\/index.php?rest_route=\/wp\/v2\/posts\/39762","targetHints":{"allow":["GET"]}}],"collection":[{"href":"https:\/\/www.egemtv.com\/index.php?rest_route=\/wp\/v2\/posts"}],"about":[{"href":"https:\/\/www.egemtv.com\/index.php?rest_route=\/wp\/v2\/types\/post"}],"author":[{"embeddable":true,"href":"https:\/\/www.egemtv.com\/index.php?rest_route=\/wp\/v2\/users\/1"}],"replies":[{"embeddable":true,"href":"https:\/\/www.egemtv.com\/index.php?rest_route=%2Fwp%2Fv2%2Fcomments&post=39762"}],"version-history":[{"count":1,"href":"https:\/\/www.egemtv.com\/index.php?rest_route=\/wp\/v2\/posts\/39762\/revisions"}],"predecessor-version":[{"id":39764,"href":"https:\/\/www.egemtv.com\/index.php?rest_route=\/wp\/v2\/posts\/39762\/revisions\/39764"}],"wp:featuredmedia":[{"embeddable":true,"href":"https:\/\/www.egemtv.com\/index.php?rest_route=\/wp\/v2\/media\/39763"}],"wp:attachment":[{"href":"https:\/\/www.egemtv.com\/index.php?rest_route=%2Fwp%2Fv2%2Fmedia&parent=39762"}],"wp:term":[{"taxonomy":"category","embeddable":true,"href":"https:\/\/www.egemtv.com\/index.php?rest_route=%2Fwp%2Fv2%2Fcategories&post=39762"},{"taxonomy":"post_tag","embeddable":true,"href":"https:\/\/www.egemtv.com\/index.php?rest_route=%2Fwp%2Fv2%2Ftags&post=39762"}],"curies":[{"name":"wp","href":"https:\/\/api.w.org\/{rel}","templated":true}]}}