{"id":39759,"date":"2025-07-04T10:15:20","date_gmt":"2025-07-04T07:15:20","guid":{"rendered":"https:\/\/www.egemtv.com\/?p=39759"},"modified":"2025-07-04T10:15:22","modified_gmt":"2025-07-04T07:15:22","slug":"hakkinda-10-yil-hapis-cezasi-bulunan-sahis-yakalandi","status":"publish","type":"post","link":"https:\/\/www.egemtv.com\/?p=39759","title":{"rendered":"Hakk\u0131nda 10 y\u0131l hapis cezas\u0131 bulunan \u015fah\u0131s yakaland\u0131"},"content":{"rendered":"<p>Ayd\u0131n\u2019\u0131n Germencik il\u00e7esinde jandarma ekipleri taraf\u0131ndan yap\u0131lan \u00e7al\u0131\u015fmalar kapsam\u0131nda hakk\u0131nda 3 dosyadan toplam 10 y\u0131l kesinle\u015fmi\u015f hapis cezas\u0131 bulunan \u015fah\u0131s yakaland\u0131.<\/p>\n<p>Ayd\u0131n\u2019da jandarma ekipleri vatanda\u015flar\u0131n huzur ve g\u00fcvenli\u011fi i\u00e7in \u00e7al\u0131\u015fmalar\u0131n\u0131 aral\u0131ks\u0131z s\u00fcrd\u00fcr\u00fcyor. Aranan \u015fah\u0131slara da g\u00f6z a\u00e7t\u0131rmayan jandarma ekipleri ger\u00e7ekle\u015ftirdikleri ba\u015far\u0131l\u0131 \u00e7al\u0131\u015fmalar\u0131na bir yenisini daha ekledi. Edinilen bilgiye g\u00f6re, Germencik \u0130l\u00e7e Jandarma Komutanl\u0131\u011f\u0131 JASAT Timi taraf\u0131ndan uzun s\u00fcredir aranan bir \u015fahs\u0131n yakalanmas\u0131na y\u00f6nelik \u00e7al\u0131\u015fmada; 2 dosyadan kullanmak i\u00e7in uyu\u015fturucu veya uyar\u0131c\u0131 madde sat\u0131n almak, bulundurmak, kabul etmek veya kullanmak, h\u00fck\u00fcml\u00fc veya tutuklunun ka\u00e7mas\u0131 su\u00e7lar\u0131ndan aranan ve hakk\u0131nda 10 y\u0131l hapis cezas\u0131 bulunan M.Y. isimli \u015f\u00fcpheli \u015fah\u0131s H\u0131d\u0131rbeyli Mahallesi\u2019nde d\u00fczenlenen operasyon ile yakaland\u0131. Jandarmadaki i\u015flemlerinin ard\u0131ndan adliyeye sevk edilen M.Y. \u00e7\u0131kart\u0131ld\u0131\u011f\u0131 adli makamlarca tutuklanarak cezaevine g\u00f6nderildi.<br \/><\/p>\n","protected":false},"excerpt":{"rendered":"<p>Ayd\u0131n\u2019\u0131n Germencik il\u00e7esinde jandarma ekipleri taraf\u0131ndan yap\u0131lan \u00e7al\u0131\u015fmalar kapsam\u0131nda hakk\u0131nda 3 dosyadan toplam 10 y\u0131l kesinle\u015fmi\u015f hapis cezas\u0131 bulunan \u015fah\u0131s yakaland\u0131. Ayd\u0131n\u2019da jandarma ekipleri vatanda\u015flar\u0131n huzur ve g\u00fcvenli\u011fi i\u00e7in \u00e7al\u0131\u015fmalar\u0131n\u0131 aral\u0131ks\u0131z s\u00fcrd\u00fcr\u00fcyor. Aranan \u015fah\u0131slara da g\u00f6z a\u00e7t\u0131rmayan jandarma ekipleri ger\u00e7ekle\u015ftirdikleri ba\u015far\u0131l\u0131 \u00e7al\u0131\u015fmalar\u0131na bir yenisini daha ekledi. Edinilen bilgiye g\u00f6re, Germencik \u0130l\u00e7e Jandarma Komutanl\u0131\u011f\u0131 JASAT Timi&#8230;<\/p>\n","protected":false},"author":1,"featured_media":39760,"comment_status":"open","ping_status":"open","sticky":false,"template":"","format":"standard","meta":{"_crdt_document":"","footnotes":""},"categories":[5],"tags":[],"class_list":["post-39759","post","type-post","status-publish","format-standard","has-post-thumbnail","hentry","category-asayis"],"_links":{"self":[{"href":"https:\/\/www.egemtv.com\/index.php?rest_route=\/wp\/v2\/posts\/39759","targetHints":{"allow":["GET"]}}],"collection":[{"href":"https:\/\/www.egemtv.com\/index.php?rest_route=\/wp\/v2\/posts"}],"about":[{"href":"https:\/\/www.egemtv.com\/index.php?rest_route=\/wp\/v2\/types\/post"}],"author":[{"embeddable":true,"href":"https:\/\/www.egemtv.com\/index.php?rest_route=\/wp\/v2\/users\/1"}],"replies":[{"embeddable":true,"href":"https:\/\/www.egemtv.com\/index.php?rest_route=%2Fwp%2Fv2%2Fcomments&post=39759"}],"version-history":[{"count":1,"href":"https:\/\/www.egemtv.com\/index.php?rest_route=\/wp\/v2\/posts\/39759\/revisions"}],"predecessor-version":[{"id":39761,"href":"https:\/\/www.egemtv.com\/index.php?rest_route=\/wp\/v2\/posts\/39759\/revisions\/39761"}],"wp:featuredmedia":[{"embeddable":true,"href":"https:\/\/www.egemtv.com\/index.php?rest_route=\/wp\/v2\/media\/39760"}],"wp:attachment":[{"href":"https:\/\/www.egemtv.com\/index.php?rest_route=%2Fwp%2Fv2%2Fmedia&parent=39759"}],"wp:term":[{"taxonomy":"category","embeddable":true,"href":"https:\/\/www.egemtv.com\/index.php?rest_route=%2Fwp%2Fv2%2Fcategories&post=39759"},{"taxonomy":"post_tag","embeddable":true,"href":"https:\/\/www.egemtv.com\/index.php?rest_route=%2Fwp%2Fv2%2Ftags&post=39759"}],"curies":[{"name":"wp","href":"https:\/\/api.w.org\/{rel}","templated":true}]}}