{"id":39753,"date":"2025-07-04T10:15:11","date_gmt":"2025-07-04T07:15:11","guid":{"rendered":"https:\/\/www.egemtv.com\/?p=39753"},"modified":"2025-07-04T10:15:15","modified_gmt":"2025-07-04T07:15:15","slug":"kutahyada-dusuk-akim-anestezi-konulu-bilimsel-toplanti-gerceklestirildi","status":"publish","type":"post","link":"https:\/\/www.egemtv.com\/?p=39753","title":{"rendered":"K\u00fctahya\u2019da &#8220;D\u00fc\u015f\u00fck Ak\u0131m Anestezi&#8221; konulu bilimsel toplant\u0131 ger\u00e7ekle\u015ftirildi"},"content":{"rendered":"<p>K\u00fctahya Sa\u011fl\u0131k Bilimleri \u00dcniversitesi (KSB\u00dc) T\u0131p Fak\u00fcltesi Anesteziyoloji ve Reanimasyon Anabilim Dal\u0131, T\u00fcrk Anesteziyoloji ve Reanimasyon Derne\u011fi (TARD) i\u015f birli\u011fiyle \u00f6nemli bir bilimsel etkinli\u011fe ev sahipli\u011fi yapt\u0131. &#8220;D\u00fc\u015f\u00fck Ak\u0131m Anestezi&#8221; ba\u015fl\u0131\u011f\u0131yla d\u00fczenlenen toplant\u0131, hem teorik hem de uygulamal\u0131 y\u00f6n\u00fcyle alan uzmanlar\u0131n\u0131 bir araya getirdi.<br \/>\n<br \/>Toplant\u0131n\u0131n a\u00e7\u0131l\u0131\u015f konu\u015fmalar\u0131 KSB\u00dc Anesteziyoloji ve Reanimasyon Anabilim Dal\u0131 Ba\u015fkan\u0131 Prof. Dr. Tayfun Ayd\u0131n ve kurs koordinat\u00f6r\u00fc Prof. Dr. Ali Fuat Erdem taraf\u0131ndan yap\u0131ld\u0131. Programda ayr\u0131ca Prof. Dr. Kaz\u0131m Karaaslan, Do\u00e7. Dr. Evrim Kucur T\u00fcl\u00fcba\u015f, Prof. Dr. \u00d6zlem Sa\u011f\u0131r, Prof. Dr. Ay\u00e7a Ta\u015f Tuna ve Zahit Kaplan da sunumlar\u0131yla bilgi ve deneyimlerini kat\u0131l\u0131mc\u0131larla payla\u015ft\u0131.<br \/>\n<br \/>Teorik oturumlar\u0131n ard\u0131ndan, K\u00fctahya \u015eehir Hastanesi ameliyathanesinde e\u011fitmenler e\u015fli\u011finde uygulamal\u0131 e\u011fitimler ger\u00e7ekle\u015ftirildi. Kat\u0131l\u0131mc\u0131lar, d\u00fc\u015f\u00fck ak\u0131m anestezi uygulamalar\u0131na ili\u015fkin g\u00fcncel yakla\u015f\u0131mlar\u0131n ele al\u0131nd\u0131\u011f\u0131 toplant\u0131n\u0131n olduk\u00e7a verimli ve \u00f6\u011fretici ge\u00e7ti\u011fini ifade etti.<br \/><\/p>\n","protected":false},"excerpt":{"rendered":"<p>K\u00fctahya Sa\u011fl\u0131k Bilimleri \u00dcniversitesi (KSB\u00dc) T\u0131p Fak\u00fcltesi Anesteziyoloji ve Reanimasyon Anabilim Dal\u0131, T\u00fcrk Anesteziyoloji ve Reanimasyon Derne\u011fi (TARD) i\u015f birli\u011fiyle \u00f6nemli bir bilimsel etkinli\u011fe ev sahipli\u011fi yapt\u0131. &#8220;D\u00fc\u015f\u00fck Ak\u0131m Anestezi&#8221; ba\u015fl\u0131\u011f\u0131yla d\u00fczenlenen toplant\u0131, hem teorik hem de uygulamal\u0131 y\u00f6n\u00fcyle alan uzmanlar\u0131n\u0131 bir araya getirdi. Toplant\u0131n\u0131n a\u00e7\u0131l\u0131\u015f konu\u015fmalar\u0131 KSB\u00dc Anesteziyoloji ve Reanimasyon Anabilim Dal\u0131 Ba\u015fkan\u0131 Prof&#8230;.<\/p>\n","protected":false},"author":1,"featured_media":39754,"comment_status":"open","ping_status":"open","sticky":false,"template":"","format":"standard","meta":{"_crdt_document":"","footnotes":""},"categories":[2],"tags":[],"class_list":["post-39753","post","type-post","status-publish","format-standard","has-post-thumbnail","hentry","category-saglik"],"_links":{"self":[{"href":"https:\/\/www.egemtv.com\/index.php?rest_route=\/wp\/v2\/posts\/39753","targetHints":{"allow":["GET"]}}],"collection":[{"href":"https:\/\/www.egemtv.com\/index.php?rest_route=\/wp\/v2\/posts"}],"about":[{"href":"https:\/\/www.egemtv.com\/index.php?rest_route=\/wp\/v2\/types\/post"}],"author":[{"embeddable":true,"href":"https:\/\/www.egemtv.com\/index.php?rest_route=\/wp\/v2\/users\/1"}],"replies":[{"embeddable":true,"href":"https:\/\/www.egemtv.com\/index.php?rest_route=%2Fwp%2Fv2%2Fcomments&post=39753"}],"version-history":[{"count":1,"href":"https:\/\/www.egemtv.com\/index.php?rest_route=\/wp\/v2\/posts\/39753\/revisions"}],"predecessor-version":[{"id":39755,"href":"https:\/\/www.egemtv.com\/index.php?rest_route=\/wp\/v2\/posts\/39753\/revisions\/39755"}],"wp:featuredmedia":[{"embeddable":true,"href":"https:\/\/www.egemtv.com\/index.php?rest_route=\/wp\/v2\/media\/39754"}],"wp:attachment":[{"href":"https:\/\/www.egemtv.com\/index.php?rest_route=%2Fwp%2Fv2%2Fmedia&parent=39753"}],"wp:term":[{"taxonomy":"category","embeddable":true,"href":"https:\/\/www.egemtv.com\/index.php?rest_route=%2Fwp%2Fv2%2Fcategories&post=39753"},{"taxonomy":"post_tag","embeddable":true,"href":"https:\/\/www.egemtv.com\/index.php?rest_route=%2Fwp%2Fv2%2Ftags&post=39753"}],"curies":[{"name":"wp","href":"https:\/\/api.w.org\/{rel}","templated":true}]}}