{"id":39750,"date":"2025-07-04T09:55:49","date_gmt":"2025-07-04T06:55:49","guid":{"rendered":"https:\/\/www.egemtv.com\/?p=39750"},"modified":"2025-07-04T09:55:53","modified_gmt":"2025-07-04T06:55:53","slug":"meteorolojiden-aydinda-kavurucu-sicaklik-uyarisi-termometreler-44-dereceyi-gosterecek","status":"publish","type":"post","link":"https:\/\/www.egemtv.com\/?p=39750","title":{"rendered":"Meteoroloji\u2019den Ayd\u0131n\u2019da kavurucu s\u0131cakl\u0131k uyar\u0131s\u0131: Termometreler 44 dereceyi g\u00f6sterecek"},"content":{"rendered":"<p>Meteoroloji 2. B\u00f6lge M\u00fcd\u00fcrl\u00fc\u011f\u00fc\u2019nden yap\u0131lan a\u00e7\u0131klamada mevsim normalleri civar\u0131nda seyreden hava s\u0131cakl\u0131klar\u0131n\u0131n 5 Temmuz Cumartesi g\u00fcn\u00fcnden itibaren mevsim normallerinin 4 ila 6 derece \u00fczerine \u00e7\u0131kaca\u011f\u0131 tahmin edildi\u011fini belirtirken, yetkililer vatanda\u015flar\u0131 dikkatli olmalar\u0131 konusunda uyard\u0131.<\/p>\n<p>Meteorolojik de\u011ferlendirmelere g\u00f6re, 5-12 Temmuz 2025 tarihleri aras\u0131nda Ayd\u0131n il genelinde hava s\u0131cakl\u0131klar\u0131n\u0131n mevsim normallerinin 4 ila 6 derece \u00fczerine \u00e7\u0131kmas\u0131 bekleniyor. Ayd\u0131n \u0130l Merkezi\u2019nde en y\u00fcksek hava s\u0131cakl\u0131klar\u0131n\u0131n 44 dereceye kadar ula\u015faca\u011f\u0131 tahmin ediliyor. Uzmanlar, a\u015f\u0131r\u0131 s\u0131cakl\u0131klar\u0131n \u00f6zellikle kronik rahats\u0131zl\u0131\u011f\u0131 bulunanlar, ya\u015fl\u0131lar ve \u00e7ocuklar i\u00e7in risk olu\u015fturabilece\u011fini belirterek, vatanda\u015flar\u0131n g\u00fcn\u00fcn en s\u0131cak saatleri olan 11.00 ila 16.00 aras\u0131nda a\u00e7\u0131k alanlarda bulunmamalar\u0131 gerekti\u011fini vurgulad\u0131. G\u00fcne\u015f \u00e7arpmas\u0131na kar\u015f\u0131 dikkatli olunmas\u0131 gerekti\u011fine i\u015faret eden yetkililer serin ve g\u00f6lge ortamlarda kal\u0131nmas\u0131 ve bol s\u0131v\u0131 t\u00fcketilmesi gerekti\u011fini hat\u0131rlatt\u0131.<br \/><\/p>\n","protected":false},"excerpt":{"rendered":"<p>Meteoroloji 2. B\u00f6lge M\u00fcd\u00fcrl\u00fc\u011f\u00fc\u2019nden yap\u0131lan a\u00e7\u0131klamada mevsim normalleri civar\u0131nda seyreden hava s\u0131cakl\u0131klar\u0131n\u0131n 5 Temmuz Cumartesi g\u00fcn\u00fcnden itibaren mevsim normallerinin 4 ila 6 derece \u00fczerine \u00e7\u0131kaca\u011f\u0131 tahmin edildi\u011fini belirtirken, yetkililer vatanda\u015flar\u0131 dikkatli olmalar\u0131 konusunda uyard\u0131. Meteorolojik de\u011ferlendirmelere g\u00f6re, 5-12 Temmuz 2025 tarihleri aras\u0131nda Ayd\u0131n il genelinde hava s\u0131cakl\u0131klar\u0131n\u0131n mevsim normallerinin 4 ila 6 derece \u00fczerine \u00e7\u0131kmas\u0131&#8230;<\/p>\n","protected":false},"author":1,"featured_media":39751,"comment_status":"open","ping_status":"open","sticky":false,"template":"","format":"standard","meta":{"_crdt_document":"","footnotes":""},"categories":[1],"tags":[],"class_list":["post-39750","post","type-post","status-publish","format-standard","has-post-thumbnail","hentry","category-guncel"],"_links":{"self":[{"href":"https:\/\/www.egemtv.com\/index.php?rest_route=\/wp\/v2\/posts\/39750","targetHints":{"allow":["GET"]}}],"collection":[{"href":"https:\/\/www.egemtv.com\/index.php?rest_route=\/wp\/v2\/posts"}],"about":[{"href":"https:\/\/www.egemtv.com\/index.php?rest_route=\/wp\/v2\/types\/post"}],"author":[{"embeddable":true,"href":"https:\/\/www.egemtv.com\/index.php?rest_route=\/wp\/v2\/users\/1"}],"replies":[{"embeddable":true,"href":"https:\/\/www.egemtv.com\/index.php?rest_route=%2Fwp%2Fv2%2Fcomments&post=39750"}],"version-history":[{"count":1,"href":"https:\/\/www.egemtv.com\/index.php?rest_route=\/wp\/v2\/posts\/39750\/revisions"}],"predecessor-version":[{"id":39752,"href":"https:\/\/www.egemtv.com\/index.php?rest_route=\/wp\/v2\/posts\/39750\/revisions\/39752"}],"wp:featuredmedia":[{"embeddable":true,"href":"https:\/\/www.egemtv.com\/index.php?rest_route=\/wp\/v2\/media\/39751"}],"wp:attachment":[{"href":"https:\/\/www.egemtv.com\/index.php?rest_route=%2Fwp%2Fv2%2Fmedia&parent=39750"}],"wp:term":[{"taxonomy":"category","embeddable":true,"href":"https:\/\/www.egemtv.com\/index.php?rest_route=%2Fwp%2Fv2%2Fcategories&post=39750"},{"taxonomy":"post_tag","embeddable":true,"href":"https:\/\/www.egemtv.com\/index.php?rest_route=%2Fwp%2Fv2%2Ftags&post=39750"}],"curies":[{"name":"wp","href":"https:\/\/api.w.org\/{rel}","templated":true}]}}