{"id":39747,"date":"2025-07-04T09:55:44","date_gmt":"2025-07-04T06:55:44","guid":{"rendered":"https:\/\/www.egemtv.com\/?p=39747"},"modified":"2025-07-04T09:55:48","modified_gmt":"2025-07-04T06:55:48","slug":"prof-dr-huseyin-seyhanlioglu-israil-iran-savasi-orta-doguda-yeni-donemin-habercisi","status":"publish","type":"post","link":"https:\/\/www.egemtv.com\/?p=39747","title":{"rendered":"Prof. Dr. H\u00fcseyin \u015eeyhanl\u0131o\u011flu: &#8220;\u0130srail-\u0130ran Sava\u015f\u0131 Orta Do\u011fu\u2019da yeni d\u00f6nemin habercisi&#8221;"},"content":{"rendered":"<p>K\u00fctahya Dumlup\u0131nar \u00dcniversitesi (DP\u00dc) Uygulama ve Ara\u015ft\u0131rma Merkezleri Koordinat\u00f6r\u00fc, Siyaset Bilimi ve Uluslararas\u0131 \u0130li\u015fkiler Uzman\u0131 Prof. Dr. H\u00fcseyin \u015eeyhanl\u0131o\u011flu, \u0130srail\u2019in 13 Haziran\u2019da \u0130ran\u2019a ger\u00e7ekle\u015ftirdi\u011fi 12 g\u00fcnl\u00fck aral\u0131ks\u0131z sald\u0131r\u0131n\u0131n Orta Do\u011fu tarihindeki d\u00f6n\u00fcm noktalar\u0131ndan biri oldu\u011funu s\u00f6yledi. \u015eeyhanl\u0131o\u011flu, ya\u015fananlar\u0131 &#8220;tarihi bir k\u0131r\u0131lma&#8221; olarak nitelendirerek, s\u00fcrecin yaln\u0131zca iki \u00fclke aras\u0131nda de\u011fil, b\u00f6lgesel ve k\u00fcresel g\u00fc\u00e7 dengeleri a\u00e7\u0131s\u0131ndan da b\u00fcy\u00fck anlamlar ta\u015f\u0131d\u0131\u011f\u0131n\u0131 vurgulad\u0131.<br \/>\n<br \/>\u0130ran\u2019\u0131n ilk g\u00fcn ana kumanda y\u00f6netiminde ya\u015fad\u0131\u011f\u0131 a\u011f\u0131r kay\u0131plara ra\u011fmen ikinci g\u00fcn S\u0130HA ve balistik f\u00fcze g\u00fcc\u00fcyle etkili kar\u015f\u0131l\u0131k verdi\u011fini belirten \u015eeyhanl\u0131o\u011flu, &#8220;\u0130ran, \u0130srail\u2019in stratejik noktalar\u0131na y\u00f6nelik g\u00fc\u00e7l\u00fc ve etkili sald\u0131r\u0131lar ger\u00e7ekle\u015ftirdi. \u0130srail, tarihinde ilk kez bu kadar kapsaml\u0131 bombard\u0131mana maruz kald\u0131&#8221; dedi. \u015eeyhanl\u0131o\u011flu, bu s\u00fcre\u00e7te \u0130ran\u2019\u0131n 300 ila 500 aras\u0131nda f\u00fcze ve S\u0130HA\u2019s\u0131n\u0131n, ABD ve \u0130ngiltere\u2019nin d\u0131\u015f\u0131nda \u00e7ok katmanl\u0131 \u0130srail savunmas\u0131n\u0131 a\u015fmay\u0131 ba\u015fard\u0131\u011f\u0131n\u0131 s\u00f6yledi.<br \/>\n<br \/>\u0130ran\u2019\u0131n en b\u00fcy\u00fck zaaf\u0131n\u0131n, i\u00e7erde MOSSAD taraf\u0131ndan dev\u015firilen istihbarat alan\u0131nda ya\u015fand\u0131\u011f\u0131n\u0131 belirten \u015eeyhanl\u0131o\u011flu, &#8220;\u0130srail\u2019in Hindistan \u00fczerinde s\u0131zd\u0131\u011f\u0131 yaz\u0131l\u0131m teknolojileri, siber ve yerli ajan a\u011f\u0131yla \u0130ran\u2019\u0131 i\u00e7eriden felce u\u011fratt\u0131\u011f\u0131n\u0131 ifade etti. Ancak buna ra\u011fmen \u0130ran\u2019\u0131n \u00e7\u00f6kmedi\u011fini ve muhtemelen n\u00fckleer kapasitesi ya da bu kapasiteyi devreye sokabilecek d\u0131\u015f desteklerle (\u00c7in, Rusya, Pakistan) cayd\u0131r\u0131c\u0131l\u0131\u011f\u0131n\u0131 korudu\u011funu savundu.<\/p>\n<p>&#8220;\u0130srail halk\u0131 \u00fclkeyi terk ediyor&#8221;<br \/>\n<br \/>\u015eeyhanl\u0131o\u011flu, \u00e7at\u0131\u015fmalar\u0131n toplumsal yans\u0131malar\u0131na da dikkat \u00e7ekti:<br \/>\n<br \/>&#8220;\u0130srail tarihinde ilk kez Tel Aviv dahil olmak \u00fczere \u00e7ok say\u0131da \u015fehir do\u011frudan vuruldu. Yakla\u015f\u0131k 200 bin ki\u015fi \u00fclkeyi terk etti. Bu ki\u015filerden \u00e7o\u011fu K\u0131br\u0131s Rum Kesimi\u2019ne s\u0131\u011f\u0131nd\u0131. Bu da K\u0131br\u0131s\u2019\u0131n hem jeopolitik hem g\u00fcvenlik a\u00e7\u0131s\u0131ndan ne kadar stratejik oldu\u011funu bir kez daha ortaya koydu.&#8221;<br \/>\n<br \/>Bu s\u00fcre\u00e7ten T\u00fcrkiye\u2019nin de dersler \u00e7\u0131karmas\u0131 gerekti\u011fini belirten \u015eeyhanl\u0131o\u011flu, &#8220;Milli ruh, milli savunma sistemleri ve istihbarat altyap\u0131s\u0131n\u0131n \u00f6nemi bir kez daha g\u00f6r\u00fcld\u00fc. \u00d6zellikle Hakan Fidan d\u00f6neminde geli\u015ftirilen M\u0130T\u2019in MOSSAD\u2019a y\u00f6nelik operasyonlar\u0131n \u00f6nemi daha iyi anla\u015f\u0131ld\u0131. T\u00fcrkiye\u2019nin istihbarat, milli hava savunma sistemlerini g\u00fc\u00e7lendirmesi, Ukrayna ve Suriye sava\u015f\u0131ndan da dersler \u00e7\u0131kar\u0131larak, Orta Do\u011fu\u2019daki muhtemel krizlerde cayd\u0131r\u0131c\u0131 g\u00fcc\u00fcn\u00fc art\u0131racakt\u0131r&#8221; diye konu\u015ftu.<\/p>\n<p>B\u00f6lgesel i\u015f birli\u011fi \u00e7a\u011fr\u0131s\u0131<br \/>\n<br \/>\u015eeyhanl\u0131o\u011flu, T\u00fcrkiye, \u0130ran, Pakistan, M\u0131s\u0131r, Irak ve Suriye\u2019nin askeri ve ekonomik bir pakt kurmas\u0131n\u0131n zaman\u0131n\u0131n geldi\u011fini s\u00f6yledi. Kalk\u0131nma Yolu Projesi ve Ahmet \u015eara liderli\u011findeki yeni Suriye H\u00fck\u00fcmeti ile ili\u015fkilerin bu i\u015f birli\u011fi a\u00e7\u0131s\u0131ndan stratejik \u00f6nemde oldu\u011funu vurgulad\u0131.<br \/>\n<br \/>Gazze\u2019de ya\u015fananlar\u0131 &#8220;soyk\u0131r\u0131m \u00f6tesi vah\u015fet&#8221; olarak nitelendiren \u015eeyhanl\u0131o\u011flu, \u0130srail\u2019e kar\u015f\u0131 etkili bir diplomatik, ekonomik, sosyal, siyasal ve askeri boykot uygulanmas\u0131 gerekti\u011fini s\u00f6yledi.<br \/>\n<br \/>\u0130ran\u2019\u0131n \u00c7in\u2019den sava\u015f u\u00e7aklar\u0131 alarak hava savunma sistemlerini g\u00fc\u00e7lendirdi\u011fine dikkat \u00e7eken Prof. Dr. \u015eeyhanl\u0131o\u011flu, b\u00f6lgede yeni bir \u00e7at\u0131\u015fman\u0131n her an ba\u015flayabilece\u011fini ve T\u00fcrkiye\u2019nin bu muhtemele kar\u015f\u0131 haz\u0131rl\u0131kl\u0131 olmas\u0131 gerekti\u011fini s\u00f6zlerine ekledi.<br \/><\/p>\n","protected":false},"excerpt":{"rendered":"<p>K\u00fctahya Dumlup\u0131nar \u00dcniversitesi (DP\u00dc) Uygulama ve Ara\u015ft\u0131rma Merkezleri Koordinat\u00f6r\u00fc, Siyaset Bilimi ve Uluslararas\u0131 \u0130li\u015fkiler Uzman\u0131 Prof. Dr. H\u00fcseyin \u015eeyhanl\u0131o\u011flu, \u0130srail\u2019in 13 Haziran\u2019da \u0130ran\u2019a ger\u00e7ekle\u015ftirdi\u011fi 12 g\u00fcnl\u00fck aral\u0131ks\u0131z sald\u0131r\u0131n\u0131n Orta Do\u011fu tarihindeki d\u00f6n\u00fcm noktalar\u0131ndan biri oldu\u011funu s\u00f6yledi. \u015eeyhanl\u0131o\u011flu, ya\u015fananlar\u0131 &#8220;tarihi bir k\u0131r\u0131lma&#8221; olarak nitelendirerek, s\u00fcrecin yaln\u0131zca iki \u00fclke aras\u0131nda de\u011fil, b\u00f6lgesel ve k\u00fcresel g\u00fc\u00e7 dengeleri a\u00e7\u0131s\u0131ndan&#8230;<\/p>\n","protected":false},"author":1,"featured_media":39748,"comment_status":"open","ping_status":"open","sticky":false,"template":"","format":"standard","meta":{"_crdt_document":"","footnotes":""},"categories":[1],"tags":[],"class_list":["post-39747","post","type-post","status-publish","format-standard","has-post-thumbnail","hentry","category-guncel"],"_links":{"self":[{"href":"https:\/\/www.egemtv.com\/index.php?rest_route=\/wp\/v2\/posts\/39747","targetHints":{"allow":["GET"]}}],"collection":[{"href":"https:\/\/www.egemtv.com\/index.php?rest_route=\/wp\/v2\/posts"}],"about":[{"href":"https:\/\/www.egemtv.com\/index.php?rest_route=\/wp\/v2\/types\/post"}],"author":[{"embeddable":true,"href":"https:\/\/www.egemtv.com\/index.php?rest_route=\/wp\/v2\/users\/1"}],"replies":[{"embeddable":true,"href":"https:\/\/www.egemtv.com\/index.php?rest_route=%2Fwp%2Fv2%2Fcomments&post=39747"}],"version-history":[{"count":1,"href":"https:\/\/www.egemtv.com\/index.php?rest_route=\/wp\/v2\/posts\/39747\/revisions"}],"predecessor-version":[{"id":39749,"href":"https:\/\/www.egemtv.com\/index.php?rest_route=\/wp\/v2\/posts\/39747\/revisions\/39749"}],"wp:featuredmedia":[{"embeddable":true,"href":"https:\/\/www.egemtv.com\/index.php?rest_route=\/wp\/v2\/media\/39748"}],"wp:attachment":[{"href":"https:\/\/www.egemtv.com\/index.php?rest_route=%2Fwp%2Fv2%2Fmedia&parent=39747"}],"wp:term":[{"taxonomy":"category","embeddable":true,"href":"https:\/\/www.egemtv.com\/index.php?rest_route=%2Fwp%2Fv2%2Fcategories&post=39747"},{"taxonomy":"post_tag","embeddable":true,"href":"https:\/\/www.egemtv.com\/index.php?rest_route=%2Fwp%2Fv2%2Ftags&post=39747"}],"curies":[{"name":"wp","href":"https:\/\/api.w.org\/{rel}","templated":true}]}}