{"id":39741,"date":"2025-07-04T09:55:31","date_gmt":"2025-07-04T06:55:31","guid":{"rendered":"https:\/\/www.egemtv.com\/?p=39741"},"modified":"2025-07-04T09:55:39","modified_gmt":"2025-07-04T06:55:39","slug":"jasat-ekipleri-suclulara-goz-actirmiyor","status":"publish","type":"post","link":"https:\/\/www.egemtv.com\/?p=39741","title":{"rendered":"JASAT ekipleri su\u00e7lulara g\u00f6z a\u00e7t\u0131rm\u0131yor"},"content":{"rendered":"<p>K\u00fctahya \u0130l Jandarma Komutanl\u0131\u011f\u0131na ba\u011fl\u0131 JASAT timleri ve il\u00e7e jandarma komutanl\u0131klar\u0131 taraf\u0131ndan y\u00fcr\u00fct\u00fclen istihbar\u0131 ve saha \u00e7al\u0131\u015fmalar\u0131 neticesinde, 2025 y\u0131l\u0131 Haziran ay\u0131nda \u00e7e\u015fitli su\u00e7lardan aranan 58 \u015fah\u0131s yakaland\u0131.<br \/>\n<br \/>Yap\u0131lan \u00e7al\u0131\u015fmalar sonucunda yakalanan \u015f\u00fcphelilerden 33\u2019\u00fc tutuklanarak Ceza \u0130nfaz Kurumuna teslim edilirken, 19 ki\u015fi ifadelerinin al\u0131nmas\u0131n\u0131n ard\u0131ndan serbest b\u0131rak\u0131ld\u0131. Para cezas\u0131 bulunan 6 ki\u015fi ise cezalar\u0131n\u0131 \u00f6demelerinin ard\u0131ndan \u00f6zg\u00fcrl\u00fcklerine kavu\u015ftu.<br \/>\n<br \/>K\u00fctahya \u0130l Jandarma Komutanl\u0131\u011f\u0131, kamu d\u00fczeninin korunmas\u0131, emniyet ve asayi\u015fin sa\u011flanmas\u0131 amac\u0131yla istihbarata dayal\u0131, teknolojik imk\u00e2nlardan azami \u00f6l\u00e7\u00fcde faydalanarak ve ilgili kurumlarla koordineli \u015fekilde \u00e7al\u0131\u015fmalar\u0131na aral\u0131ks\u0131z devam ediyor. Yetkililer, su\u00e7 ve su\u00e7lularla m\u00fccadelede kararl\u0131l\u0131k vurgusu yaparak halk\u0131n huzur ve g\u00fcvenli\u011fini sa\u011flama konusunda azimlerini s\u00fcrd\u00fcreceklerini ifade etti.<br \/><\/p>\n","protected":false},"excerpt":{"rendered":"<p>K\u00fctahya \u0130l Jandarma Komutanl\u0131\u011f\u0131na ba\u011fl\u0131 JASAT timleri ve il\u00e7e jandarma komutanl\u0131klar\u0131 taraf\u0131ndan y\u00fcr\u00fct\u00fclen istihbar\u0131 ve saha \u00e7al\u0131\u015fmalar\u0131 neticesinde, 2025 y\u0131l\u0131 Haziran ay\u0131nda \u00e7e\u015fitli su\u00e7lardan aranan 58 \u015fah\u0131s yakaland\u0131. Yap\u0131lan \u00e7al\u0131\u015fmalar sonucunda yakalanan \u015f\u00fcphelilerden 33\u2019\u00fc tutuklanarak Ceza \u0130nfaz Kurumuna teslim edilirken, 19 ki\u015fi ifadelerinin al\u0131nmas\u0131n\u0131n ard\u0131ndan serbest b\u0131rak\u0131ld\u0131. Para cezas\u0131 bulunan 6 ki\u015fi ise cezalar\u0131n\u0131 \u00f6demelerinin&#8230;<\/p>\n","protected":false},"author":1,"featured_media":39742,"comment_status":"open","ping_status":"open","sticky":false,"template":"","format":"standard","meta":{"_crdt_document":"","footnotes":""},"categories":[5],"tags":[],"class_list":["post-39741","post","type-post","status-publish","format-standard","has-post-thumbnail","hentry","category-asayis"],"_links":{"self":[{"href":"https:\/\/www.egemtv.com\/index.php?rest_route=\/wp\/v2\/posts\/39741","targetHints":{"allow":["GET"]}}],"collection":[{"href":"https:\/\/www.egemtv.com\/index.php?rest_route=\/wp\/v2\/posts"}],"about":[{"href":"https:\/\/www.egemtv.com\/index.php?rest_route=\/wp\/v2\/types\/post"}],"author":[{"embeddable":true,"href":"https:\/\/www.egemtv.com\/index.php?rest_route=\/wp\/v2\/users\/1"}],"replies":[{"embeddable":true,"href":"https:\/\/www.egemtv.com\/index.php?rest_route=%2Fwp%2Fv2%2Fcomments&post=39741"}],"version-history":[{"count":1,"href":"https:\/\/www.egemtv.com\/index.php?rest_route=\/wp\/v2\/posts\/39741\/revisions"}],"predecessor-version":[{"id":39743,"href":"https:\/\/www.egemtv.com\/index.php?rest_route=\/wp\/v2\/posts\/39741\/revisions\/39743"}],"wp:featuredmedia":[{"embeddable":true,"href":"https:\/\/www.egemtv.com\/index.php?rest_route=\/wp\/v2\/media\/39742"}],"wp:attachment":[{"href":"https:\/\/www.egemtv.com\/index.php?rest_route=%2Fwp%2Fv2%2Fmedia&parent=39741"}],"wp:term":[{"taxonomy":"category","embeddable":true,"href":"https:\/\/www.egemtv.com\/index.php?rest_route=%2Fwp%2Fv2%2Fcategories&post=39741"},{"taxonomy":"post_tag","embeddable":true,"href":"https:\/\/www.egemtv.com\/index.php?rest_route=%2Fwp%2Fv2%2Ftags&post=39741"}],"curies":[{"name":"wp","href":"https:\/\/api.w.org\/{rel}","templated":true}]}}