{"id":39738,"date":"2025-07-04T09:36:15","date_gmt":"2025-07-04T06:36:15","guid":{"rendered":"https:\/\/www.egemtv.com\/?p=39738"},"modified":"2025-07-04T09:36:19","modified_gmt":"2025-07-04T06:36:19","slug":"gelecegin-teniscilerine-baskan-cercioglundan-tam-destek","status":"publish","type":"post","link":"https:\/\/www.egemtv.com\/?p=39738","title":{"rendered":"Gelece\u011fin tenis\u00e7ilerine Ba\u015fkan \u00c7er\u00e7io\u011flu\u2019ndan tam destek"},"content":{"rendered":"<p>Ayd\u0131n B\u00fcy\u00fck\u015fehir Belediyesi taraf\u0131ndan \u00fccretsiz olarak sunulan tenis kurslar\u0131, \u00e7ocuklara sadece bir spor dal\u0131n\u0131 \u00f6\u011fretmekle kalm\u0131yor, ayn\u0131 zamanda odaklanma, stratejik d\u00fc\u015f\u00fcnme ve \u00f6zg\u00fcven gibi ki\u015fisel geli\u015fim becerilerinin de kazan\u0131lmas\u0131na imkan tan\u0131yor.<\/p>\n<p>Ayd\u0131n B\u00fcy\u00fck\u015fehir Belediyesi, yaz kurslar\u0131 ile \u00e7ocuklar\u0131n ve gen\u00e7lerin fiziksel geli\u015fimlerine katk\u0131 sunmaya devam ediyor. Profesyonel e\u011fitmenler e\u015fli\u011finde ger\u00e7ekle\u015fen kurslar, sporun e\u011flenceli y\u00f6n\u00fcn\u00fc de \u00f6n plana \u00e7\u0131kar\u0131yor. \u00c7ocuklar ve gen\u00e7lerin \u00e7al\u0131\u015fmalar\u0131na katk\u0131 sunacak \u00e7al\u0131\u015fmalar\u0131n devam edece\u011fini belirten Ayd\u0131n B\u00fcy\u00fck\u015fehir Belediye Ba\u015fkan\u0131 \u00d6zlem \u00c7er\u00e7io\u011flu, &#8220;\u00c7ocuklar\u0131m\u0131z\u0131n hem bedensel hem de ruhsal geli\u015fimlerini desteklemek ad\u0131na spora b\u00fcy\u00fck \u00f6nem veriyoruz. Tenis kurslar\u0131m\u0131z da bu anlay\u0131\u015f\u0131n bir par\u00e7as\u0131. Ayd\u0131nl\u0131 \u00e7ocuklar\u0131m\u0131z\u0131n hayat\u0131na de\u011fer katmak bizim en b\u00fcy\u00fck mutlulu\u011fumuz&#8221; ifadelerini kulland\u0131.<\/p>\n<p>\u00c7ocuklar\u0131n\u0131 g\u00f6n\u00fcl rahatl\u0131\u011f\u0131yla kurslara g\u00f6nderdiklerini belirten ebeveynler, verilen hizmetten dolay\u0131 Ayd\u0131n B\u00fcy\u00fck\u015fehir Belediyesi\u2019ne ve Ba\u015fkan \u00c7er\u00e7io\u011flu\u2019na te\u015fekk\u00fcr etti.<br \/><\/p>\n","protected":false},"excerpt":{"rendered":"<p>Ayd\u0131n B\u00fcy\u00fck\u015fehir Belediyesi taraf\u0131ndan \u00fccretsiz olarak sunulan tenis kurslar\u0131, \u00e7ocuklara sadece bir spor dal\u0131n\u0131 \u00f6\u011fretmekle kalm\u0131yor, ayn\u0131 zamanda odaklanma, stratejik d\u00fc\u015f\u00fcnme ve \u00f6zg\u00fcven gibi ki\u015fisel geli\u015fim becerilerinin de kazan\u0131lmas\u0131na imkan tan\u0131yor. Ayd\u0131n B\u00fcy\u00fck\u015fehir Belediyesi, yaz kurslar\u0131 ile \u00e7ocuklar\u0131n ve gen\u00e7lerin fiziksel geli\u015fimlerine katk\u0131 sunmaya devam ediyor. Profesyonel e\u011fitmenler e\u015fli\u011finde ger\u00e7ekle\u015fen kurslar, sporun e\u011flenceli y\u00f6n\u00fcn\u00fc de&#8230;<\/p>\n","protected":false},"author":1,"featured_media":39739,"comment_status":"open","ping_status":"open","sticky":false,"template":"","format":"standard","meta":{"_crdt_document":"","footnotes":""},"categories":[4],"tags":[],"class_list":["post-39738","post","type-post","status-publish","format-standard","has-post-thumbnail","hentry","category-spor"],"_links":{"self":[{"href":"https:\/\/www.egemtv.com\/index.php?rest_route=\/wp\/v2\/posts\/39738","targetHints":{"allow":["GET"]}}],"collection":[{"href":"https:\/\/www.egemtv.com\/index.php?rest_route=\/wp\/v2\/posts"}],"about":[{"href":"https:\/\/www.egemtv.com\/index.php?rest_route=\/wp\/v2\/types\/post"}],"author":[{"embeddable":true,"href":"https:\/\/www.egemtv.com\/index.php?rest_route=\/wp\/v2\/users\/1"}],"replies":[{"embeddable":true,"href":"https:\/\/www.egemtv.com\/index.php?rest_route=%2Fwp%2Fv2%2Fcomments&post=39738"}],"version-history":[{"count":1,"href":"https:\/\/www.egemtv.com\/index.php?rest_route=\/wp\/v2\/posts\/39738\/revisions"}],"predecessor-version":[{"id":39740,"href":"https:\/\/www.egemtv.com\/index.php?rest_route=\/wp\/v2\/posts\/39738\/revisions\/39740"}],"wp:featuredmedia":[{"embeddable":true,"href":"https:\/\/www.egemtv.com\/index.php?rest_route=\/wp\/v2\/media\/39739"}],"wp:attachment":[{"href":"https:\/\/www.egemtv.com\/index.php?rest_route=%2Fwp%2Fv2%2Fmedia&parent=39738"}],"wp:term":[{"taxonomy":"category","embeddable":true,"href":"https:\/\/www.egemtv.com\/index.php?rest_route=%2Fwp%2Fv2%2Fcategories&post=39738"},{"taxonomy":"post_tag","embeddable":true,"href":"https:\/\/www.egemtv.com\/index.php?rest_route=%2Fwp%2Fv2%2Ftags&post=39738"}],"curies":[{"name":"wp","href":"https:\/\/api.w.org\/{rel}","templated":true}]}}