{"id":39735,"date":"2025-07-04T09:36:10","date_gmt":"2025-07-04T06:36:10","guid":{"rendered":"https:\/\/www.egemtv.com\/?p=39735"},"modified":"2025-07-04T09:36:14","modified_gmt":"2025-07-04T06:36:14","slug":"altayda-ramazan-kursunlu-donemi","status":"publish","type":"post","link":"https:\/\/www.egemtv.com\/?p=39735","title":{"rendered":"Altay\u2019da Ramazan Kur\u015funlu d\u00f6nemi"},"content":{"rendered":"<p>Altay, teknik direkt\u00f6rl\u00fck g\u00f6revi i\u00e7in Ramazan Kur\u015funlu ile anla\u015fmaya var\u0131ld\u0131\u011f\u0131n\u0131 duyurdu.<br \/>\n<br \/>TFF 3. Lig ekiplerinden Altay, yeni sezon \u00f6ncesinde \u00e7al\u0131\u015fmalar\u0131n\u0131 s\u00fcrd\u00fcrmeye devam ediyor. \u0130zmir ekibi, ilk olarak kadro planlamas\u0131 yaparken bu s\u00fcre\u00e7te Murat Ulu\u00e7, Deniz Kadah, Sefa \u00d6zdemir ve Mehmet G\u00fcnd\u00fcz\u2019le s\u00f6zle\u015fme uzatt\u0131. Siyah-beyazl\u0131lar, anla\u015fmaya varamad\u0131\u011f\u0131 Arda Gezer, Kuban Altunbudak, Yunus Efe Sar\u0131kaya ve Onur Efe ile de yollar\u0131n\u0131 ay\u0131rmak zorunda kald\u0131. Gen\u00e7 \u00e7al\u0131\u015ft\u0131r\u0131c\u0131 G\u00f6khan Karaaslan\u2019la vedala\u015fan Altay, ilk olarak teknik direkt\u00f6rl\u00fck g\u00f6revi i\u00e7in Tuna \u00dcz\u00fcmc\u00fc ile \u00f6n protokol imzalad\u0131. \u00dcz\u00fcmc\u00fc ile bir sonuca varamayan siyah-beyazl\u0131lar, tak\u0131m\u0131n ba\u015f\u0131na Ramazan Kur\u015funlu\u2019nun getirildi\u011fini duyurdu.<br \/>\n<br \/>Konuyla ilgili \u0130zmir ekibinin sosyal medya hesab\u0131ndan konuyla ilgili yap\u0131lan a\u00e7\u0131klamada, &#8220;Kul\u00fcb\u00fcm\u00fcz\u00fcn gelecek planlamas\u0131nda \u00f6nemli bir ad\u0131m olarak g\u00f6rd\u00fc\u011f\u00fcm\u00fcz Teknik Direkt\u00f6r Ramazan Kur\u015funlu ile yap\u0131lacak imza t\u00f6reni, bug\u00fcn saat 11.30\u2019da ger\u00e7ekle\u015ftirilecektir. T\u00fcm camiam\u0131za ve b\u00fcy\u00fck Altay taraftar\u0131na sayg\u0131yla duyurulur&#8221; ifadeleri kullan\u0131ld\u0131.<br \/><\/p>\n","protected":false},"excerpt":{"rendered":"<p>Altay, teknik direkt\u00f6rl\u00fck g\u00f6revi i\u00e7in Ramazan Kur\u015funlu ile anla\u015fmaya var\u0131ld\u0131\u011f\u0131n\u0131 duyurdu. TFF 3. Lig ekiplerinden Altay, yeni sezon \u00f6ncesinde \u00e7al\u0131\u015fmalar\u0131n\u0131 s\u00fcrd\u00fcrmeye devam ediyor. \u0130zmir ekibi, ilk olarak kadro planlamas\u0131 yaparken bu s\u00fcre\u00e7te Murat Ulu\u00e7, Deniz Kadah, Sefa \u00d6zdemir ve Mehmet G\u00fcnd\u00fcz\u2019le s\u00f6zle\u015fme uzatt\u0131. Siyah-beyazl\u0131lar, anla\u015fmaya varamad\u0131\u011f\u0131 Arda Gezer, Kuban Altunbudak, Yunus Efe Sar\u0131kaya ve Onur&#8230;<\/p>\n","protected":false},"author":1,"featured_media":39736,"comment_status":"open","ping_status":"open","sticky":false,"template":"","format":"standard","meta":{"_crdt_document":"","footnotes":""},"categories":[4],"tags":[],"class_list":["post-39735","post","type-post","status-publish","format-standard","has-post-thumbnail","hentry","category-spor"],"_links":{"self":[{"href":"https:\/\/www.egemtv.com\/index.php?rest_route=\/wp\/v2\/posts\/39735","targetHints":{"allow":["GET"]}}],"collection":[{"href":"https:\/\/www.egemtv.com\/index.php?rest_route=\/wp\/v2\/posts"}],"about":[{"href":"https:\/\/www.egemtv.com\/index.php?rest_route=\/wp\/v2\/types\/post"}],"author":[{"embeddable":true,"href":"https:\/\/www.egemtv.com\/index.php?rest_route=\/wp\/v2\/users\/1"}],"replies":[{"embeddable":true,"href":"https:\/\/www.egemtv.com\/index.php?rest_route=%2Fwp%2Fv2%2Fcomments&post=39735"}],"version-history":[{"count":1,"href":"https:\/\/www.egemtv.com\/index.php?rest_route=\/wp\/v2\/posts\/39735\/revisions"}],"predecessor-version":[{"id":39737,"href":"https:\/\/www.egemtv.com\/index.php?rest_route=\/wp\/v2\/posts\/39735\/revisions\/39737"}],"wp:featuredmedia":[{"embeddable":true,"href":"https:\/\/www.egemtv.com\/index.php?rest_route=\/wp\/v2\/media\/39736"}],"wp:attachment":[{"href":"https:\/\/www.egemtv.com\/index.php?rest_route=%2Fwp%2Fv2%2Fmedia&parent=39735"}],"wp:term":[{"taxonomy":"category","embeddable":true,"href":"https:\/\/www.egemtv.com\/index.php?rest_route=%2Fwp%2Fv2%2Fcategories&post=39735"},{"taxonomy":"post_tag","embeddable":true,"href":"https:\/\/www.egemtv.com\/index.php?rest_route=%2Fwp%2Fv2%2Ftags&post=39735"}],"curies":[{"name":"wp","href":"https:\/\/api.w.org\/{rel}","templated":true}]}}